{"id":184694,"date":"2021-10-01T13:04:57","date_gmt":"2021-10-01T18:04:57","guid":{"rendered":"https:\/\/plazajuarez.mx\/?p=184694"},"modified":"2021-10-01T13:05:09","modified_gmt":"2021-10-01T18:05:09","slug":"sexagenario-pierde-la-vida-en-calle-centrica-de-tulancingo","status":"publish","type":"post","link":"https:\/\/plazajuarez.mx\/historico\/sexagenario-pierde-la-vida-en-calle-centrica-de-tulancingo\/","title":{"rendered":"Sexagenario pierde la vida en calle c\u00e9ntrica de Tulancingo"},"content":{"rendered":"\n<p>La ma\u00f1ana de este viernes, en una c\u00e9ntrica calle de Tulancingo, un hombre de aproximadamente 60 a\u00f1os de edad perdi\u00f3 la vida en plena v\u00eda p\u00fablica, cuando iba a bordo de su bicicleta; vecinos y testigos refieren que el var\u00f3n se desplom\u00f3 moment\u00e1neamente.<\/p>\n\n\n\n<p>El lamentable hecho fue reportado minutos antes de las 10:00 horas, en la calle Quinta Cabrera de la colonia Centro, a donde acudieron elementos de la polic\u00eda municipal y param\u00e9dicos de Cruz Roja, quienes tras revisar al hombre inconsciente, confirmaron la ausencia de signos vitales.<\/p>\n\n\n\n<p>Testigos refieren que el ahora fallecido iba subiendo la calle en su bicicleta y de repente se desplom\u00f3. Sin embargo, no se han revelado las posibles causas de muerte.<\/p>\n\n\n\n<p>Hasta el momento, el var\u00f3n permanece en calidad de desconocido. La zona fue acordonada para el arribo de la autoridad correspondiente.<\/p>\n\n\n\n<p><\/p>\n","protected":false},"excerpt":{"rendered":"<p>La ma\u00f1ana de este viernes, en una c\u00e9ntrica calle de Tulancingo, un hombre de aproximadamente 60 a\u00f1os de edad perdi\u00f3 la vida en plena v\u00eda p\u00fablica, cuando iba a bordo de su bicicleta; vecinos y testigos refieren que el var\u00f3n se desplom\u00f3 moment\u00e1neamente. El lamentable hecho fue reportado minutos antes de las 10:00 horas, en [&hellip;]<\/p>\n","protected":false},"author":93,"featured_media":184695,"comment_status":"closed","ping_status":"closed","sticky":false,"template":"","format":"standard","meta":{"footnotes":""},"categories":[15,40],"tags":[],"class_list":["post-184694","post","type-post","status-publish","format-standard","has-post-thumbnail","hentry","category-destacadas","category-region"],"_links":{"self":[{"href":"https:\/\/plazajuarez.mx\/historico\/wp-json\/wp\/v2\/posts\/184694","targetHints":{"allow":["GET"]}}],"collection":[{"href":"https:\/\/plazajuarez.mx\/historico\/wp-json\/wp\/v2\/posts"}],"about":[{"href":"https:\/\/plazajuarez.mx\/historico\/wp-json\/wp\/v2\/types\/post"}],"author":[{"embeddable":true,"href":"https:\/\/plazajuarez.mx\/historico\/wp-json\/wp\/v2\/users\/93"}],"replies":[{"embeddable":true,"href":"https:\/\/plazajuarez.mx\/historico\/wp-json\/wp\/v2\/comments?post=184694"}],"version-history":[{"count":0,"href":"https:\/\/plazajuarez.mx\/historico\/wp-json\/wp\/v2\/posts\/184694\/revisions"}],"wp:featuredmedia":[{"embeddable":true,"href":"https:\/\/plazajuarez.mx\/historico\/wp-json\/wp\/v2\/media\/184695"}],"wp:attachment":[{"href":"https:\/\/plazajuarez.mx\/historico\/wp-json\/wp\/v2\/media?parent=184694"}],"wp:term":[{"taxonomy":"category","embeddable":true,"href":"https:\/\/plazajuarez.mx\/historico\/wp-json\/wp\/v2\/categories?post=184694"},{"taxonomy":"post_tag","embeddable":true,"href":"https:\/\/plazajuarez.mx\/historico\/wp-json\/wp\/v2\/tags?post=184694"}],"curies":[{"name":"wp","href":"https:\/\/api.w.org\/{rel}","templated":true}]}}