{"id":184691,"date":"2021-10-01T12:24:05","date_gmt":"2021-10-01T17:24:05","guid":{"rendered":"https:\/\/plazajuarez.mx\/?p=184691"},"modified":"2021-10-01T12:24:22","modified_gmt":"2021-10-01T17:24:22","slug":"las-polemicas-de-los-latin-grammy","status":"publish","type":"post","link":"https:\/\/plazajuarez.mx\/historico\/las-polemicas-de-los-latin-grammy\/","title":{"rendered":"Las pol\u00e9micas de los Latin Grammy"},"content":{"rendered":"\n<p>Desde la primera entrega de los Latin Grammy Awards en el 2000 se han suscitado diversas pol\u00e9micas que han apuntado a la ceremonia como algo que est\u00e1 previamente manipulado a favor de las grandes disqueras y empresarios de la industria del entretenimiento.<\/p>\n\n\n\n<p>Es por ello que a continuaci\u00f3n recordamos algunos de estos conflictos que han opacado la entrega de los galardones otorgados por la Academia Latina de Artes y Ciencias de la Grabaci\u00f3n.<\/p>\n\n\n\n<p>\u00bfLos premios de Emilio Estefan?<\/p>\n\n\n\n<p>En la industria musical se sabe que Emilio Estefan junto a su esposa Gloria Estefan, tienen una enorme influencia en la m\u00fasica latina sobre todo la que se produce en Miami, Estados Unidos y como era de esperarse no pod\u00edan faltar en la primera entrega de estos premios.<\/p>\n\n\n\n<p>La controversia inici\u00f3, cuando Emilio result\u00f3 ser el elegido para recibir una estatuilla en la terna &#8220;Persona del a\u00f1o&#8221;, uno de los reconocimientos m\u00e1s importantes de la ceremonia, adem\u00e1s su esposa Gloria fue elegida para ser una de las presentadoras.<\/p>\n\n\n\n<p>Por otro lado, en ese a\u00f1o Gilberto Moreno, gerente general de la casa discogr\u00e1fica Fonovisa, defini\u00f3 la premiaci\u00f3n como &#8220;una fiesta entre el productor Emilio Estefan y la casa discogr\u00e1fica Sony&#8221;, debido a que la mayor\u00eda de los nominados eran de sus casas productoras.<\/p>\n\n\n\n<p>&#8220;Este evento no representa para nada a los artistas latinos\u2026 este es un evento de Estefan y nosotros no queremos llevar a nuestros artistas a un show como \u00e9ste&#8221;, coment\u00f3 en aquella ocasi\u00f3n a un peri\u00f3dico californiano llamado La Opini\u00f3n.<\/p>\n\n\n\n<p>Placido Domingo en contra de su creaci\u00f3n<\/p>\n\n\n\n<p>El esc\u00e1ndalo se hizo tan grande que hasta el tenor Pl\u00e1cido Domingo, comparti\u00f3 que no estaba muy de acuerdo con la idea general de que existieran unos Premios Grammy Latinos, en aquel momento coment\u00f3 a los medios: &#8220;lo mejor hubiera sido que los organizadores lucharan por que la Academia ampliara la cantidad de categor\u00edas dentro de las ya existentes en los Grammy convencionales&#8221;.<\/p>\n\n\n\n<p>El cantante no le ve\u00eda el caso de separar la m\u00fasica latina de los Grammy &#8220;originales&#8221;, que en ese momento contaban con cuatro ternas especiales, de las 98 categor\u00edas que ten\u00edan.<\/p>\n\n\n\n<p>Man\u00e1 pone en duda la premiaci\u00f3n<\/p>\n\n\n\n<p>Desde el a\u00f1o 2000, Fher Olvera, vocalista de Man\u00e1 puso en duda la premiaci\u00f3n, aunque s\u00ed ha asistido a las ceremonias, inclusive en 2018 fue honrada por la Academia como &#8220;Persona del A\u00f1o&#8221;.<\/p>\n\n\n\n<p>Pero en la 49 entrega de los premios Grammy, volvi\u00f3 a arremeter contra la ceremonia, en donde se quej\u00f3 de que las termas de m\u00fasica latina nunca eran televisadas.<\/p>\n\n\n\n<p>&#8220;Los latinos merecemos aparecer igual que un japon\u00e9s o un alem\u00e1n o un ingl\u00e9s. Eso hay que decirlo, y no los desacredito, pero s\u00ed digo que est\u00e1n en un error porque somos artistas que valemos y la gente nos quiere escuchar&#8221;, dijo Fher a los medios de comunicaci\u00f3n&#8221;.<\/p>\n\n\n\n<p>&#8220;No me late que te nominan, te premian, pero por ser latino no te pasan en la tele&#8221;, agreg\u00f3 el cantante.<\/p>\n\n\n\n<p>Pepe Aguilar no cae en su juego<\/p>\n\n\n\n<p>Desde la primera edici\u00f3n Pepe Agilar ha mostrado su inconformidad con la premiaci\u00f3n, por lo que decidi\u00f3 no asistir.<\/p>\n\n\n\n<p>&#8220;No lo entiendo, por qu\u00e9 varios de los candidatos pertenecen al plantel de cantantes cuyos \u00e1lbumes son producidos por Emilio Estefan\u2026es l\u00f3gico que, como organizador del premio y productor, varios de los cantantes que \u00e9l produce figuren en las ternas, pero para no crear pol\u00e9mica, deber\u00eda estar la gente que debe estar, y no quien deslumbra por estar bonita o tiene un excelente plan de mercadotecnia&#8221;, dijo Aguilar en una conferencia de prensa.<\/p>\n\n\n\n<p>&#8220;No estoy de acuerdo en que se nominen grabaciones de hace cuatro a\u00f1os con otras que est\u00e1n saliendo apenas al mercado. Eso no me gusta&#8221;, agreg\u00f3.<\/p>\n\n\n\n<p>&#8220;Sin reggaet\u00f3n no hay Latin Grammy&#8221;<\/p>\n\n\n\n<p>En 2019 se desat\u00f3 otra fuerte pol\u00e9mica en contra del evento latino y es que fueron los reggaetoneros quienes alzaron la voz, despu\u00e9s de que en las nominaciones no hab\u00eda ternas en donde entrara su g\u00e9nero musical y mucho menos fueron incluidos en las nominaciones ya establecidas desde su creaci\u00f3n.<\/p>\n\n\n\n<p>Bajo el #sinreggaetonnohaylatingrammy fue la manera en que protestaron int\u00e9rpretes como Nicky Jam, Daddy Yankee y J Balvin por la poca presencia del g\u00e9nero en las nominaciones de los Latin Grammy, y ante esto la Academia se pronunci\u00f3:<\/p>\n\n\n\n<p>&#8220;La Academia Latina de la Grabaci\u00f3n sigue un estricto proceso de votaci\u00f3n desde hace 20 a\u00f1os. Los miembros de la Academia, por medio de sus votos, seleccionan el material que consideran merecedor de una nominaci\u00f3n&#8221;, explic\u00f3 la organizaci\u00f3n en un comunicado.<\/p>\n\n\n\n<p>&#8220;La Academia nunca ha influido en sus decisiones y siempre se ha adherido y respetado sus selecciones, incluso cuando hay gente que no concuerda con los resultados. No obstante lo anterior, estamos siempre abiertos a escuchar descontentos y cr\u00edticas constructivas. Invitamos a los l\u00edderes de la comunidad urbana\/reguetonera a involucrarse con la Academia, participar en el proceso, y participar en debates que mejoren la Academia&#8221;, a\u00f1adi\u00f3.<\/p>\n\n\n\n<p>Tras la pandemia nuevamente los reggaetoneros protestan<\/p>\n\n\n\n<p>Este 2021 tampoco se salv\u00f3 de la pol\u00e9mica y ahora fue J Balvin arremeti\u00f3 contra la Academia a trav\u00e9s de un par de tweets publicados s\u00f3lo unas horas despu\u00e9s de que se conociera qui\u00e9nes son los artistas nominados.<\/p>\n\n\n\n<p>El cantante se\u00f1al\u00f3 que el reggaet\u00f3n no tiene el reconocimiento que deber\u00eda, y adem\u00e1s acus\u00f3 a la Academia de utilizarlo para su propio beneficio, como mera publicidad e hizo un llamado para boicotear los premios Grammy.<\/p>\n\n\n\n<p>&#8220;Los Grammys no nos valoran, pero nos necesitan. Es mi opini\u00f3n y nada contra los otros g\u00e9neros porque se merecen todo el respeto. Pero ya el truco est\u00e1 aburrido. Les damos rating, pero no nos dan el respeto. (P.D: Estoy nominado para que no vengan que estoy dolido)&#8221;, dijo el colombiano en Twitter.<\/p>\n\n\n\n<p>Residente, ante esta actitud, decidi\u00f3 subir a su cuenta de Instagram un video en el que se dirige a Balvin (a quien llama por su nombre, Jos\u00e9) y cuestiona su actitud. Le dice que deber\u00eda esforzarse m\u00e1s en escribir canciones y que su m\u00fasica es como &#8220;un carrito de hot dog&#8221; en busca de &#8220;estrellas Michelin&#8221;, distinci\u00f3n que reciben los mejores restaurantes del mundo.<\/p>\n\n\n\n<p>Pepe Aguilar se sube nuevamente al ring<\/p>\n\n\n\n<p>El cantante de m\u00fasica regional, Pepe Aguilar, nuevamente no se queda callado y realiz\u00f3 una transmisi\u00f3n en vivo en donde dio su opini\u00f3n acerca de la controversia entre J Balvin y Residente sobre los Latin Grammy 2021.<\/p>\n\n\n\n<p>En el video, que ya borr\u00f3 de su cuenta de Instagram, exclam\u00f3: &#8220;\u00bfPor qu\u00e9 le damos tanta importancia a unos premios y no nos fijamos m\u00e1s, en la calidad de los pinches artistas? (sic)&#8221;.<\/p>\n\n\n\n<p>&#8220;\u00bfPor qu\u00e9 ahorita todo mundo se rasga las vestiduras? y \u00bfpor qu\u00e9 los Grammy no aceptan, no hacen o no le echan a tal o cual g\u00e9nero?\u2026 a ver, ded\u00edquense a hacer m\u00fasica y ya, y si realmente no les importan los premios \u00bfpor qu\u00e9 hacen tanto pedo? (sic)&#8221;, expres\u00f3 Pepe.<\/p>\n","protected":false},"excerpt":{"rendered":"<p>Desde la primera entrega de los Latin Grammy Awards en el 2000 se han suscitado diversas pol\u00e9micas que han apuntado a la ceremonia como algo que est\u00e1 previamente manipulado a favor de las grandes disqueras y empresarios de la industria del entretenimiento. Es por ello que a continuaci\u00f3n recordamos algunos de estos conflictos que han [&hellip;]<\/p>\n","protected":false},"author":81,"featured_media":184692,"comment_status":"closed","ping_status":"closed","sticky":false,"template":"","format":"standard","meta":{"footnotes":""},"categories":[38],"tags":[],"class_list":["post-184691","post","type-post","status-publish","format-standard","has-post-thumbnail","hentry","category-show"],"_links":{"self":[{"href":"https:\/\/plazajuarez.mx\/historico\/wp-json\/wp\/v2\/posts\/184691","targetHints":{"allow":["GET"]}}],"collection":[{"href":"https:\/\/plazajuarez.mx\/historico\/wp-json\/wp\/v2\/posts"}],"about":[{"href":"https:\/\/plazajuarez.mx\/historico\/wp-json\/wp\/v2\/types\/post"}],"author":[{"embeddable":true,"href":"https:\/\/plazajuarez.mx\/historico\/wp-json\/wp\/v2\/users\/81"}],"replies":[{"embeddable":true,"href":"https:\/\/plazajuarez.mx\/historico\/wp-json\/wp\/v2\/comments?post=184691"}],"version-history":[{"count":0,"href":"https:\/\/plazajuarez.mx\/historico\/wp-json\/wp\/v2\/posts\/184691\/revisions"}],"wp:featuredmedia":[{"embeddable":true,"href":"https:\/\/plazajuarez.mx\/historico\/wp-json\/wp\/v2\/media\/184692"}],"wp:attachment":[{"href":"https:\/\/plazajuarez.mx\/historico\/wp-json\/wp\/v2\/media?parent=184691"}],"wp:term":[{"taxonomy":"category","embeddable":true,"href":"https:\/\/plazajuarez.mx\/historico\/wp-json\/wp\/v2\/categories?post=184691"},{"taxonomy":"post_tag","embeddable":true,"href":"https:\/\/plazajuarez.mx\/historico\/wp-json\/wp\/v2\/tags?post=184691"}],"curies":[{"name":"wp","href":"https:\/\/api.w.org\/{rel}","templated":true}]}}