{"id":184525,"date":"2021-09-30T10:00:00","date_gmt":"2021-09-30T15:00:00","guid":{"rendered":"https:\/\/plazajuarez.mx\/?p=184525"},"modified":"2021-09-30T12:42:57","modified_gmt":"2021-09-30T17:42:57","slug":"ordenan-detener-a-mas-implicados-en-caso-gomez-mont","status":"publish","type":"post","link":"https:\/\/plazajuarez.mx\/historico\/ordenan-detener-a-mas-implicados-en-caso-gomez-mont\/","title":{"rendered":"Ordenan detener a m\u00e1s implicados en caso G\u00f3mez Mont"},"content":{"rendered":"\n<p>Un juez federal orden\u00f3 detener a 10 implicados en el caso de desv\u00edo de recursos p\u00fablicos y lavado de dinero por el que son buscados la conductora de televisi\u00f3n In\u00e9s G\u00f3mez Mont y su esposo V\u00edctor Manuel \u00c1lvarez Puga.<\/p>\n\n\n\n<p>Fuentes federales confirmaron que el juez de control Iv\u00e1n Zefer\u00edn Hern\u00e1ndez, adscrito al Centro de Justicia Penal Federal de Almoloya de Ju\u00e1rez, Estado de M\u00e9xico, libr\u00f3 las \u00f3rdenes solicitadas por la Fiscal\u00eda General de la Rep\u00fablica (FGR) por delincuencia organizada y lavado de dinero.<\/p>\n\n\n\n<p>Las \u00f3rdenes de captura incluyen a Eduardo Guerrero Dur\u00e1n, excomisionado del \u00d3rgano Administrativo Desconcentrado de Prevenci\u00f3n y Readaptaci\u00f3n Social (OADPRS) y Paulo Uribe Arriaga, exdirector general de Administraci\u00f3n.<\/p>\n\n\n\n<p>Jorge Arnaldo Nava L\u00f3pez, quien se desempe\u00f1aba como Fiscal de Distrito de la Zona Norte, con sede en Ciudad Ju\u00e1rez, Chihuahua, fue separado de su cargo para que atienda el proceso en su contra por el presunto desv\u00edo.<\/p>\n","protected":false},"excerpt":{"rendered":"<p>Un juez federal orden\u00f3 detener a 10 implicados en el caso de desv\u00edo de recursos p\u00fablicos y lavado de dinero por el que son buscados la conductora de televisi\u00f3n In\u00e9s G\u00f3mez Mont y su esposo V\u00edctor Manuel \u00c1lvarez Puga. Fuentes federales confirmaron que el juez de control Iv\u00e1n Zefer\u00edn Hern\u00e1ndez, adscrito al Centro de Justicia [&hellip;]<\/p>\n","protected":false},"author":81,"featured_media":184527,"comment_status":"closed","ping_status":"closed","sticky":false,"template":"","format":"standard","meta":{"footnotes":""},"categories":[38],"tags":[],"class_list":["post-184525","post","type-post","status-publish","format-standard","has-post-thumbnail","hentry","category-show"],"_links":{"self":[{"href":"https:\/\/plazajuarez.mx\/historico\/wp-json\/wp\/v2\/posts\/184525","targetHints":{"allow":["GET"]}}],"collection":[{"href":"https:\/\/plazajuarez.mx\/historico\/wp-json\/wp\/v2\/posts"}],"about":[{"href":"https:\/\/plazajuarez.mx\/historico\/wp-json\/wp\/v2\/types\/post"}],"author":[{"embeddable":true,"href":"https:\/\/plazajuarez.mx\/historico\/wp-json\/wp\/v2\/users\/81"}],"replies":[{"embeddable":true,"href":"https:\/\/plazajuarez.mx\/historico\/wp-json\/wp\/v2\/comments?post=184525"}],"version-history":[{"count":0,"href":"https:\/\/plazajuarez.mx\/historico\/wp-json\/wp\/v2\/posts\/184525\/revisions"}],"wp:featuredmedia":[{"embeddable":true,"href":"https:\/\/plazajuarez.mx\/historico\/wp-json\/wp\/v2\/media\/184527"}],"wp:attachment":[{"href":"https:\/\/plazajuarez.mx\/historico\/wp-json\/wp\/v2\/media?parent=184525"}],"wp:term":[{"taxonomy":"category","embeddable":true,"href":"https:\/\/plazajuarez.mx\/historico\/wp-json\/wp\/v2\/categories?post=184525"},{"taxonomy":"post_tag","embeddable":true,"href":"https:\/\/plazajuarez.mx\/historico\/wp-json\/wp\/v2\/tags?post=184525"}],"curies":[{"name":"wp","href":"https:\/\/api.w.org\/{rel}","templated":true}]}}