{"id":184358,"date":"2021-09-29T09:51:14","date_gmt":"2021-09-29T14:51:14","guid":{"rendered":"https:\/\/plazajuarez.mx\/?p=184358"},"modified":"2021-09-29T09:51:27","modified_gmt":"2021-09-29T14:51:27","slug":"gallos-blancos-recibe-a-chivas-que-quieren-los-3-puntos","status":"publish","type":"post","link":"https:\/\/plazajuarez.mx\/historico\/gallos-blancos-recibe-a-chivas-que-quieren-los-3-puntos\/","title":{"rendered":"Gallos Blancos recibe a Chivas, que quieren los 3 puntos"},"content":{"rendered":"\n<p> El sotanero general, el Quer\u00e9taro, recibe\u00a0 hoy (21:15 tiempo del centro de M\u00e9xico) al Guadalajara, en un duelo correspondiente a la fecha 11 del Torneo Grita M\u00e9xico Apertura 2021, donde se espera que ambos conjuntos luchen por la victoria, ya que hasta el momento, han tenido una temporada deprimente.<\/p>\n\n\n\n<p>Y es que tanto como las Chivas como los Gallos Blancos tienen una gran deuda ante su afici\u00f3n, m\u00e1s all\u00e1 de que ambos proyectos buscan de origen diferentes metas.<\/p>\n\n\n\n<p>En el caso de los queretanos, ubicarse al fondo de la clasificaci\u00f3n (6 puntos), no era algo que esperaran tanto directiva como afici\u00f3n; por eso, apenas en la fecha 6 fue despedido H\u00e9ctor Altamirano como entrenador y en su lugar lleg\u00f3 el uruguayo Leonardo Ramos, quien en tres partidos no ha logrado enderezar la nave, pues suma dos derrotas y una victoria, la \u00fanica del equipo en la temporada; &#8220;Pity&#8221; Altamirano dej\u00f3 un legado de tres empates y tres ca\u00eddas.<\/p>\n\n\n\n<p>Por su parte, las Chivas Rayadas tambi\u00e9n cambiaron de entrenador, y aunque tienen mejores n\u00fameros que su rival de este mi\u00e9rcoles, sus 14 puntos (3 victorias, 5 empates y 2 derrotas) las ubican apenas en la media tabla (sitio nueve), lejos de los puestos directos a Liguilla.<\/p>\n\n\n\n<p>La llegada de Michel Lea\u00f1o apenas el pasado fin de semana no impact\u00f3 de inmediato en los tapat\u00edos, pues aunque hizo movimientos de elementos para enfrentar el Cl\u00e1sico frente al Am\u00e9rica, apenas rescataron un 0-0, de ah\u00ed que los cuestionamientos por la abrupta salida de V\u00edctor Manuel Vucetich no hayan cesado.<\/p>\n\n\n\n<p>Tiene pues el Guadalajara que demostrar ya un nuevo rostro este mi\u00e9rcoles en La Corregidora y justificar el cambio de tim\u00f3n. De empatar o perder, las cr\u00edticas a Lea\u00f1o y la directiva arreciar\u00e1n, mientras que en el conjunto queretano, sacar la igualada o la victoria, ser\u00e1n un b\u00e1lsamo de cara al cierre de la campa\u00f1a buscando escapar del s\u00f3tano de la general.<\/p>\n","protected":false},"excerpt":{"rendered":"<p>El sotanero general, el Quer\u00e9taro, recibe\u00a0 hoy (21:15 tiempo del centro de M\u00e9xico) al Guadalajara, en un duelo correspondiente a la fecha 11 del Torneo Grita M\u00e9xico Apertura 2021, donde se espera que ambos conjuntos luchen por la victoria, ya que hasta el momento, han tenido una temporada deprimente. Y es que tanto como las [&hellip;]<\/p>\n","protected":false},"author":81,"featured_media":184360,"comment_status":"closed","ping_status":"closed","sticky":false,"template":"","format":"standard","meta":{"footnotes":""},"categories":[39],"tags":[],"class_list":["post-184358","post","type-post","status-publish","format-standard","has-post-thumbnail","hentry","category-deportiva"],"_links":{"self":[{"href":"https:\/\/plazajuarez.mx\/historico\/wp-json\/wp\/v2\/posts\/184358","targetHints":{"allow":["GET"]}}],"collection":[{"href":"https:\/\/plazajuarez.mx\/historico\/wp-json\/wp\/v2\/posts"}],"about":[{"href":"https:\/\/plazajuarez.mx\/historico\/wp-json\/wp\/v2\/types\/post"}],"author":[{"embeddable":true,"href":"https:\/\/plazajuarez.mx\/historico\/wp-json\/wp\/v2\/users\/81"}],"replies":[{"embeddable":true,"href":"https:\/\/plazajuarez.mx\/historico\/wp-json\/wp\/v2\/comments?post=184358"}],"version-history":[{"count":0,"href":"https:\/\/plazajuarez.mx\/historico\/wp-json\/wp\/v2\/posts\/184358\/revisions"}],"wp:featuredmedia":[{"embeddable":true,"href":"https:\/\/plazajuarez.mx\/historico\/wp-json\/wp\/v2\/media\/184360"}],"wp:attachment":[{"href":"https:\/\/plazajuarez.mx\/historico\/wp-json\/wp\/v2\/media?parent=184358"}],"wp:term":[{"taxonomy":"category","embeddable":true,"href":"https:\/\/plazajuarez.mx\/historico\/wp-json\/wp\/v2\/categories?post=184358"},{"taxonomy":"post_tag","embeddable":true,"href":"https:\/\/plazajuarez.mx\/historico\/wp-json\/wp\/v2\/tags?post=184358"}],"curies":[{"name":"wp","href":"https:\/\/api.w.org\/{rel}","templated":true}]}}