{"id":184349,"date":"2021-09-29T09:18:18","date_gmt":"2021-09-29T14:18:18","guid":{"rendered":"https:\/\/plazajuarez.mx\/?p=184349"},"modified":"2021-09-29T09:18:28","modified_gmt":"2021-09-29T14:18:28","slug":"asesinan-a-joven-de-16-anos-que-denuncio-a-policia-en-oaxaca","status":"publish","type":"post","link":"https:\/\/plazajuarez.mx\/historico\/asesinan-a-joven-de-16-anos-que-denuncio-a-policia-en-oaxaca\/","title":{"rendered":"Asesinan a joven de 16 a\u00f1os que denunci\u00f3 a polic\u00eda en Oaxaca"},"content":{"rendered":"\n<p>AGENCIA EL UNIVERSAL<\/p>\n\n\n\n<p><strong>Fue encontrada sin vida, el pasado 26 de septiembre en el ejido de El Porvenir<\/strong><\/p>\n\n\n\n<p>La Fiscal\u00eda General del Estado de Oaxaca (FGEO) inform\u00f3 este martes que investiga como feminicidio el caso de Fanny Guadalupe, adolescente de 16 a\u00f1os y madre de un beb\u00e9 de seis meses, quien fue encontrada muerta el pasado 26 de septiembre en el ejido de El Porvenir, municipio de San Juan Cotzoc\u00f3n, perteneciente al Bajo Mixe.<\/p>\n\n\n\n<p>La Asociaci\u00f3n Civil Servicios del Pueblo Mixe exigi\u00f3 justicia y castigo a quienes resulten responsables por acci\u00f3n u omisi\u00f3n por el feminicidio de Fanny Guadalupe, despu\u00e9s de que las autoridades locales afirmaran que la joven se hab\u00eda suicidado.<\/p>\n\n\n\n<p>La asociaci\u00f3n pidi\u00f3 que este caso se investigue como feminicidio debido a que la joven hab\u00eda denunciado acoso y amenazas por parte del agente municipal Isaac Hern\u00e1ndez Guill\u00e9n.<\/p>\n\n\n\n<p>&#8211;Ya hab\u00eda una denuncia de la v\u00edctima<\/p>\n\n\n\n<p>En su momento, la adolescente denunci\u00f3 legalmente ante instancias de justicia correspondientes las amenazas en su contra, mismas que fueron recogidas en la carpeta de investigaci\u00f3n 23472\/FIST\/CODDI\/MATIAS\/2021, en la que acusa de amenazas de muerte al agente Hern\u00e1ndez Guillen.<\/p>\n\n\n\n<p>&#8220;Mira a m\u00ed no se me va a ser dif\u00edcil matar a una perra como t\u00fa, si yo quiero te lleno la cabeza de tiros&#8221;, le dijo el funcionario municipal a Fanny, de acuerdo con lo que se se\u00f1ala en la carpeta de investigaci\u00f3n.<\/p>\n\n\n\n<p>&#8220;Ya no le respond\u00ed nada, luego me grit\u00f3 l\u00e1rgate de una vez de mi oficina, l\u00e1rgate y de una vez te aviso que te voy a denunciar por vender drogas, voy hacer que te metan a la correccional de menores, por temor a que me hiciera algo me sal\u00ed corriendo&#8221;, declar\u00f3 la adolescente ante las autoridades encargadas de impartir justicia.<\/p>\n\n\n\n<p>Ante los hechos, la asociaci\u00f3n civil expuso que el Estado debe garantizar a todas las mujeres una vida libre de violencia y tomar acciones inmediatas para frenar cualquier tipo de violencia en contra de las mujeres, m\u00e1s con las mujeres de comunidades ind\u00edgenas en situaci\u00f3n de vulnerabilidad, que sufren triple discriminaci\u00f3n y violencia por raz\u00f3n de g\u00e9nero, demandado justicia para Fany Guadalupe y con urgencia medidas cautelares para proteger y garantizar la vida integral de la familia.<\/p>\n\n\n\n<p>Tambi\u00e9n urgieron a la Fiscal\u00eda General del Estado de Oaxaca (FGEO) que investigue de manera pronta, expedita y con perspectiva de g\u00e9nero; que no deje en la impunidad este feminicidio, de igual manera solicitaron a la Secretar\u00eda General de Gobierno (Segego) que lleve a cabo investigaciones seg\u00fan sus atribuciones, para que no se entorpezca el proceso de investigaci\u00f3n basado en protocolos de feminicidio.<\/p>\n\n\n\n<p>Despu\u00e9s de las denuncias, la FGEO emiti\u00f3 un posicionamiento en donde precisa que investiga bajo el Protocolo Ministerial, Policial y Pericial del Delito de Feminicidio en el Estado de Oaxaca el fallecimiento de la adolescente de 16 a\u00f1os.<\/p>\n\n\n\n<p>Resalt\u00f3 que el personal de la FGEO se traslad\u00f3 a la poblaci\u00f3n e inici\u00f3 carpeta de investigaci\u00f3n 31710\/FIS\/FMUJ-TEHUANTEPEC\/2021, realizando actos periciales para determinar la causa del fallecimiento, &#8220;priorizando las necesidades particulares de las v\u00edctimas indirectas&#8221;.<\/p>\n\n\n\n<p>Adem\u00e1s, detall\u00f3 que su personal enviado realiza entrevistas a familiares y ciudadan\u00eda hasta agotar las l\u00edneas de investigaci\u00f3n, &#8220;adem\u00e1s de brindar apoyo y seguimiento profesional a las v\u00edctimas&#8221;, expuso la instancia en su comunicado.<\/p>\n","protected":false},"excerpt":{"rendered":"<p>AGENCIA EL UNIVERSAL Fue encontrada sin vida, el pasado 26 de septiembre en el ejido de El Porvenir La Fiscal\u00eda General del Estado de Oaxaca (FGEO) inform\u00f3 este martes que investiga como feminicidio el caso de Fanny Guadalupe, adolescente de 16 a\u00f1os y madre de un beb\u00e9 de seis meses, quien fue encontrada muerta el [&hellip;]<\/p>\n","protected":false},"author":81,"featured_media":184350,"comment_status":"closed","ping_status":"closed","sticky":false,"template":"","format":"standard","meta":{"footnotes":""},"categories":[37],"tags":[],"class_list":["post-184349","post","type-post","status-publish","format-standard","has-post-thumbnail","hentry","category-barandilla"],"_links":{"self":[{"href":"https:\/\/plazajuarez.mx\/historico\/wp-json\/wp\/v2\/posts\/184349","targetHints":{"allow":["GET"]}}],"collection":[{"href":"https:\/\/plazajuarez.mx\/historico\/wp-json\/wp\/v2\/posts"}],"about":[{"href":"https:\/\/plazajuarez.mx\/historico\/wp-json\/wp\/v2\/types\/post"}],"author":[{"embeddable":true,"href":"https:\/\/plazajuarez.mx\/historico\/wp-json\/wp\/v2\/users\/81"}],"replies":[{"embeddable":true,"href":"https:\/\/plazajuarez.mx\/historico\/wp-json\/wp\/v2\/comments?post=184349"}],"version-history":[{"count":0,"href":"https:\/\/plazajuarez.mx\/historico\/wp-json\/wp\/v2\/posts\/184349\/revisions"}],"wp:featuredmedia":[{"embeddable":true,"href":"https:\/\/plazajuarez.mx\/historico\/wp-json\/wp\/v2\/media\/184350"}],"wp:attachment":[{"href":"https:\/\/plazajuarez.mx\/historico\/wp-json\/wp\/v2\/media?parent=184349"}],"wp:term":[{"taxonomy":"category","embeddable":true,"href":"https:\/\/plazajuarez.mx\/historico\/wp-json\/wp\/v2\/categories?post=184349"},{"taxonomy":"post_tag","embeddable":true,"href":"https:\/\/plazajuarez.mx\/historico\/wp-json\/wp\/v2\/tags?post=184349"}],"curies":[{"name":"wp","href":"https:\/\/api.w.org\/{rel}","templated":true}]}}