{"id":184340,"date":"2021-09-29T09:13:55","date_gmt":"2021-09-29T14:13:55","guid":{"rendered":"https:\/\/plazajuarez.mx\/?p=184340"},"modified":"2021-09-29T09:14:08","modified_gmt":"2021-09-29T14:14:08","slug":"caen-dos-relacionados-con-feminicidio-en-iztapalapa-en-2019","status":"publish","type":"post","link":"https:\/\/plazajuarez.mx\/historico\/caen-dos-relacionados-con-feminicidio-en-iztapalapa-en-2019\/","title":{"rendered":"Caen dos relacionados con feminicidio en Iztapalapa, en 2019"},"content":{"rendered":"\n<p>Agentes de la Polic\u00eda de Investigaci\u00f3n de la Fiscal\u00eda capitalina detuvieron a dos hombres relacionados con el feminicidio de una mujer a quien dejaron en un terreno bald\u00edo al interior de un bote en la alcald\u00eda Iztapalapa, en 2019.<\/p>\n\n\n\n<p>Los trabajos de campo y gabinete realizados por personal de la Fiscal\u00eda de Investigaci\u00f3n del Delito de Feminicidio, de la Coordinaci\u00f3n General de Investigaci\u00f3n de Delitos de G\u00e9nero y Atenci\u00f3n a V\u00edctimas, permitieron ubicar a los sujetos, el primero en la alcald\u00eda Iztapalapa y el segundo en Azcapotzalco.<\/p>\n\n\n\n<p>De acuerdo con las indagatorias, los hechos se registraron el 13 de septiembre de 2019, cuando fue hallado el cuerpo de una mujer, en un contenedor localizado en la colonia Solidaridad, El Salado, alcald\u00eda Iztapalapa.<\/p>\n\n\n\n<p>Los familiares reportaron que hab\u00eda salido de su domicilio rumbo a la universidad, pero ya no regres\u00f3.<\/p>\n\n\n\n<p>&#8212;V\u00edctima conoc\u00eda a posibles agresores<\/p>\n\n\n\n<p>La Fiscal\u00eda de Investigaci\u00f3n del Delito de Feminicidio logr\u00f3 establecer que Edgar Rafael &#8220;N&#8221;, de 37 a\u00f1os, y Juan Iv\u00e1n &#8220;N&#8221;, de 31 a\u00f1os, probablemente estar\u00edan relacionados en los hechos, pues la v\u00edctima qued\u00f3 de verse con ellos.<\/p>\n\n\n\n<p>Ambos, fueron ubicados en tiempo y lugar en el sitio antes, durante y despu\u00e9s de los hechos, as\u00ed como cerca del domicilio de la v\u00edctima.<\/p>\n\n\n\n<p>EL UNIVERSAL report\u00f3 aquel 13 de septiembre de 2019 que elementos de la polic\u00eda capitalina hallaron el cad\u00e1ver a un costado de un edificio de la Unidad Solidaridad.<\/p>\n\n\n\n<p>De acuerdo con reportes policiales, vecinos reportaron el descubrimiento del cuerpo, por lo que pidieron la presencia de elementos de la Secretar\u00eda de Seguridad Ciudadana (SSC).<\/p>\n\n\n\n<p>El cad\u00e1ver estaba maniatado, cubierto por una bolsa negra.<\/p>\n","protected":false},"excerpt":{"rendered":"<p>Agentes de la Polic\u00eda de Investigaci\u00f3n de la Fiscal\u00eda capitalina detuvieron a dos hombres relacionados con el feminicidio de una mujer a quien dejaron en un terreno bald\u00edo al interior de un bote en la alcald\u00eda Iztapalapa, en 2019. Los trabajos de campo y gabinete realizados por personal de la Fiscal\u00eda de Investigaci\u00f3n del Delito [&hellip;]<\/p>\n","protected":false},"author":81,"featured_media":184341,"comment_status":"closed","ping_status":"closed","sticky":false,"template":"","format":"standard","meta":{"footnotes":""},"categories":[37],"tags":[],"class_list":["post-184340","post","type-post","status-publish","format-standard","has-post-thumbnail","hentry","category-barandilla"],"_links":{"self":[{"href":"https:\/\/plazajuarez.mx\/historico\/wp-json\/wp\/v2\/posts\/184340","targetHints":{"allow":["GET"]}}],"collection":[{"href":"https:\/\/plazajuarez.mx\/historico\/wp-json\/wp\/v2\/posts"}],"about":[{"href":"https:\/\/plazajuarez.mx\/historico\/wp-json\/wp\/v2\/types\/post"}],"author":[{"embeddable":true,"href":"https:\/\/plazajuarez.mx\/historico\/wp-json\/wp\/v2\/users\/81"}],"replies":[{"embeddable":true,"href":"https:\/\/plazajuarez.mx\/historico\/wp-json\/wp\/v2\/comments?post=184340"}],"version-history":[{"count":0,"href":"https:\/\/plazajuarez.mx\/historico\/wp-json\/wp\/v2\/posts\/184340\/revisions"}],"wp:featuredmedia":[{"embeddable":true,"href":"https:\/\/plazajuarez.mx\/historico\/wp-json\/wp\/v2\/media\/184341"}],"wp:attachment":[{"href":"https:\/\/plazajuarez.mx\/historico\/wp-json\/wp\/v2\/media?parent=184340"}],"wp:term":[{"taxonomy":"category","embeddable":true,"href":"https:\/\/plazajuarez.mx\/historico\/wp-json\/wp\/v2\/categories?post=184340"},{"taxonomy":"post_tag","embeddable":true,"href":"https:\/\/plazajuarez.mx\/historico\/wp-json\/wp\/v2\/tags?post=184340"}],"curies":[{"name":"wp","href":"https:\/\/api.w.org\/{rel}","templated":true}]}}