{"id":184268,"date":"2021-09-28T15:00:52","date_gmt":"2021-09-28T20:00:52","guid":{"rendered":"https:\/\/plazajuarez.mx\/?p=184268"},"modified":"2021-09-28T15:02:59","modified_gmt":"2021-09-28T20:02:59","slug":"mana_las-mujeres","status":"publish","type":"post","link":"https:\/\/plazajuarez.mx\/historico\/mana_las-mujeres\/","title":{"rendered":"Fher Olvera de Man\u00e1: Las mujeres siguen siendo tema pendiente de la sociedad"},"content":{"rendered":"\n<p>&nbsp;Positivo por los avances que ha vivido la sociedad en t\u00e9rminos de inclusi\u00f3n, Fher Olvera, vocalista de la banda mexicana de rock Man\u00e1, asegura que todav\u00eda existe una gran deuda hacia las mujeres.<\/p>\n\n\n\n<p>&#8220;Las cosas han cambiado y van mejorando seg\u00fan yo, soy positivo. Un presidente en Estados Unidos fue afroamericano, ya no existe tanta discriminaci\u00f3n, aunque hay mucha, pero el tema pendiente siguen siendo las mujeres&#8221;, dice Olvera este martes en entrevista con Efe.<\/p>\n\n\n\n<p>Seg\u00fan cuenta, Fher creci\u00f3 en un matriarcado. A los siete a\u00f1os se qued\u00f3 sin padre y su familia estuvo compuesta por su madre, sus tres hermanas y su abuela.<\/p>\n\n\n\n<p>Esta experiencia personal lo ha hecho no solamente escribir canciones, sino valorar y admirar a las mujeres y sus enormes esfuerzos que llevan a cabo en todos los \u00e1mbitos de la vida, explica.<\/p>\n\n\n\n<p>&#8220;Los hombres nos hemos perdido de muchas cosas, de haber tenido otro Picasso u otro Dal\u00ed, la escena que sucedi\u00f3 en el mundo para tratar de mejorar al arte casi siempre fueron hombres y a la otra mitad, que era la parte de las mujeres, por mucho tiempo nos la perdimos&#8221;, mencion\u00f3 el cantante.<\/p>\n\n\n\n<p>Parte de esta reflexi\u00f3n ha sido resultado del movimiento feminista que considera &#8220;va ganando terreno lentamente&#8221; y le ha permitido ser autocr\u00edtico y cambiar ciertas actitudes, que van desde chistes o bromas antes aceptadas y que ahora es consciente de que no est\u00e1n bien.<\/p>\n\n\n\n<p>VERSIONAR Y COMPARTIR EL \u00c9XITO<\/p>\n\n\n\n<p>Para mostrar su verdadera admiraci\u00f3n hacia el g\u00e9nero femenino y en especial, a su madre, Fher escribi\u00f3 una canci\u00f3n muy personal a finales de los 80, en la que describ\u00eda la dolorosa p\u00e9rdida que vivi\u00f3 en su infancia tras la muerte de su padre y la forma en la que su madre tom\u00f3 dicho acontecimiento.<\/p>\n\n\n\n<p>&#8220;El reloj cuc\u00fa&#8221; fue el emotivo tema que result\u00f3 de la experiencia y ahora la agrupaci\u00f3n decidi\u00f3 compartirla con Mabel, una joven cantante de 12 a\u00f1os que con su voz que enamor\u00f3 a los integrantes de la agrupaci\u00f3n.<\/p>\n\n\n\n<p>Mabel y Man\u00e1 presentaron la canci\u00f3n en vivo desde los Premios Billboard Latino el pasado 23 de septiembre y fue para el vocalista una experiencia que nunca olvidar\u00e1.<\/p>\n\n\n\n<p>&#8220;Hace mucho tiempo que no me emocionaba tanto como me emocion\u00e9, ella estaba muy nerviosa y conmovida. Ahora que he crecido me doy cuenta de que mi mam\u00e1 fue una persona muy fuerte y me dio un ejemplo de como salir adelante&#8221;, se\u00f1ala.<\/p>\n\n\n\n<p>Con un disco in\u00e9dito en puerta y otro m\u00e1s de duetos saliendo a cuentagotas, Man\u00e1 se mantiene vigente y demostrando que todo lo que hacen lo llevan a cabo por amor al arte y con el coraz\u00f3n.<\/p>\n\n\n\n<p>&#8220;Somos lentos, nunca hemos sido r\u00e1pidos, para la larga carrera que tenemos no hemos hecho tantos discos pero los hacemos bien cocinados&#8221;, dice el vocalista.<\/p>\n\n\n\n<p>&#8220;La gente quer\u00eda escuchar nuestras canciones con otros artistas y no hab\u00edamos accedido a esta idea. Sab\u00eda que las canciones de Man\u00e1 se pod\u00edan versionar desde diferentes perspectivas musicales y en otras voces, pero cuando se lo plantee a mis amigos dije, vamos a hacerlo sin que cambie nuestra visi\u00f3n art\u00edstica&#8221;, dice.<\/p>\n\n\n\n<p>En un tiempo de colaboraciones musicales basadas en popularidad, ventas y n\u00fameros, Man\u00e1 le apuesta al talento y a la conexi\u00f3n entre los artistas con los que trabajan, por eso ahora impulsan el talento de Mabel y m\u00e1s adelante el de un violinista no tan popular pero en el que conf\u00edan.<\/p>\n\n\n\n<p>Hasta ahora han colaborado con Pablo Albor\u00e1n, Joy Huerta y Sebasti\u00e1n Yatra, pero en la lista siguen varios m\u00fasicos diversos, adelanta Fher.<\/p>\n\n\n\n<p>VARIACI\u00d3N EN LA M\u00daSICA<\/p>\n\n\n\n<p>El cantante, de 62 a\u00f1os, asegura no estar peleado con ning\u00fan g\u00e9nero musical, sin embargo sus m\u00e1s de 35 a\u00f1os de trayectoria le hacen ver una escena musical repetitiva que espera que pronto pueda variar.<\/p>\n\n\n\n<p>&#8220;Desde mi perspectiva hay demasiado reguet\u00f3n y hace falta la otra parte. No est\u00e1 mal el reguet\u00f3n, pero personalmente las letras no me gustan, son repetitivas, machistas y sexistas&#8221;, considera el cantante.<\/p>\n\n\n\n<p>Por eso valora la diferencia y considera que bandas como la suya dan un panorama diferente a la m\u00fasica actual en espa\u00f1ol.<\/p>\n\n\n\n<p>Para lo que resta del a\u00f1o, Man\u00e1 tendr\u00e1 presentaciones el 24 y 26 de noviembre en Texas y esperan comenzar su gira mundial para el pr\u00f3ximo a\u00f1o.<\/p>\n\n\n\n<p>&#8220;Los escenarios para nosotros lo son todo. Es la m\u00fasica hecha realidad, amamos el en vivo, nosotros somos adictos a la adrenalina&#8221;, asegura.<\/p>\n","protected":false},"excerpt":{"rendered":"<p>&nbsp;Positivo por los avances que ha vivido la sociedad en t\u00e9rminos de inclusi\u00f3n, Fher Olvera, vocalista de la banda mexicana de rock Man\u00e1, asegura que todav\u00eda existe una gran deuda hacia las mujeres. &#8220;Las cosas han cambiado y van mejorando seg\u00fan yo, soy positivo. Un presidente en Estados Unidos fue afroamericano, ya no existe tanta [&hellip;]<\/p>\n","protected":false},"author":80,"featured_media":184269,"comment_status":"closed","ping_status":"closed","sticky":false,"template":"","format":"standard","meta":{"footnotes":""},"categories":[38],"tags":[],"class_list":["post-184268","post","type-post","status-publish","format-standard","has-post-thumbnail","hentry","category-show"],"_links":{"self":[{"href":"https:\/\/plazajuarez.mx\/historico\/wp-json\/wp\/v2\/posts\/184268","targetHints":{"allow":["GET"]}}],"collection":[{"href":"https:\/\/plazajuarez.mx\/historico\/wp-json\/wp\/v2\/posts"}],"about":[{"href":"https:\/\/plazajuarez.mx\/historico\/wp-json\/wp\/v2\/types\/post"}],"author":[{"embeddable":true,"href":"https:\/\/plazajuarez.mx\/historico\/wp-json\/wp\/v2\/users\/80"}],"replies":[{"embeddable":true,"href":"https:\/\/plazajuarez.mx\/historico\/wp-json\/wp\/v2\/comments?post=184268"}],"version-history":[{"count":0,"href":"https:\/\/plazajuarez.mx\/historico\/wp-json\/wp\/v2\/posts\/184268\/revisions"}],"wp:featuredmedia":[{"embeddable":true,"href":"https:\/\/plazajuarez.mx\/historico\/wp-json\/wp\/v2\/media\/184269"}],"wp:attachment":[{"href":"https:\/\/plazajuarez.mx\/historico\/wp-json\/wp\/v2\/media?parent=184268"}],"wp:term":[{"taxonomy":"category","embeddable":true,"href":"https:\/\/plazajuarez.mx\/historico\/wp-json\/wp\/v2\/categories?post=184268"},{"taxonomy":"post_tag","embeddable":true,"href":"https:\/\/plazajuarez.mx\/historico\/wp-json\/wp\/v2\/tags?post=184268"}],"curies":[{"name":"wp","href":"https:\/\/api.w.org\/{rel}","templated":true}]}}