{"id":184259,"date":"2021-09-28T14:36:37","date_gmt":"2021-09-28T19:36:37","guid":{"rendered":"https:\/\/plazajuarez.mx\/?p=184259"},"modified":"2021-09-28T14:36:50","modified_gmt":"2021-09-28T19:36:50","slug":"marcelo-ebrard","status":"publish","type":"post","link":"https:\/\/plazajuarez.mx\/historico\/marcelo-ebrard\/","title":{"rendered":"Inicia comparecencia de Ebrard ante el pleno del Senado"},"content":{"rendered":"\n<p>El canciller Marcelo Ebrard inici\u00f3 su comparecencia ante el pleno del Senado de la Rep\u00fablica en el marco de la Glosa del Tercer Informe del Gobierno del presidente Andr\u00e9s Manuel L\u00f3pez Obrador, donde los temas que se analizar\u00e1n ser\u00e1 la relaci\u00f3n con Estados Unidos, las gestiones para la compra de vacunas, la crisis migratoria y la reciente Cumbre de la Celac.<\/p>\n\n\n\n<p>La presidenta de la Mesa Directiva del Senado, Olga S\u00e1nchez Cordero tom\u00f3 la protesta de decir verdad al titular de Relaciones Exteriores quien tendr\u00e1 una exposici\u00f3n inicial para exponer la situaci\u00f3n del pa\u00eds en materia de Pol\u00edtica Exterior.<\/p>\n\n\n\n<p>Entre los temas que se prev\u00e9 cuestione la oposici\u00f3n son las llamadas &#8220;deportaciones en cadena&#8221; que est\u00e1n realizando los gobiernos de Estados Unidos y M\u00e9xico, ello con el arribo al pa\u00eds de vuelos de inmigrantes de Estados Unidos que de inmediato son tambi\u00e9n deportados por el gobierno mexicano.<\/p>\n\n\n\n<p>Otro de los temas que destacan son la reciente Cumbre de la Comunidad de Estados Latinoamericanos y Caribe\u00f1os (Celac) realizada en M\u00e9xico, a la cual asisti\u00f3 el presidente de Venezuela, Nicol\u00e1s Maduro.<\/p>\n","protected":false},"excerpt":{"rendered":"<p>El canciller Marcelo Ebrard inici\u00f3 su comparecencia ante el pleno del Senado de la Rep\u00fablica en el marco de la Glosa del Tercer Informe del Gobierno del presidente Andr\u00e9s Manuel L\u00f3pez Obrador, donde los temas que se analizar\u00e1n ser\u00e1 la relaci\u00f3n con Estados Unidos, las gestiones para la compra de vacunas, la crisis migratoria y [&hellip;]<\/p>\n","protected":false},"author":81,"featured_media":182971,"comment_status":"closed","ping_status":"closed","sticky":false,"template":"","format":"standard","meta":{"footnotes":""},"categories":[36],"tags":[],"class_list":["post-184259","post","type-post","status-publish","format-standard","has-post-thumbnail","hentry","category-nacion"],"_links":{"self":[{"href":"https:\/\/plazajuarez.mx\/historico\/wp-json\/wp\/v2\/posts\/184259","targetHints":{"allow":["GET"]}}],"collection":[{"href":"https:\/\/plazajuarez.mx\/historico\/wp-json\/wp\/v2\/posts"}],"about":[{"href":"https:\/\/plazajuarez.mx\/historico\/wp-json\/wp\/v2\/types\/post"}],"author":[{"embeddable":true,"href":"https:\/\/plazajuarez.mx\/historico\/wp-json\/wp\/v2\/users\/81"}],"replies":[{"embeddable":true,"href":"https:\/\/plazajuarez.mx\/historico\/wp-json\/wp\/v2\/comments?post=184259"}],"version-history":[{"count":0,"href":"https:\/\/plazajuarez.mx\/historico\/wp-json\/wp\/v2\/posts\/184259\/revisions"}],"wp:featuredmedia":[{"embeddable":true,"href":"https:\/\/plazajuarez.mx\/historico\/wp-json\/wp\/v2\/media\/182971"}],"wp:attachment":[{"href":"https:\/\/plazajuarez.mx\/historico\/wp-json\/wp\/v2\/media?parent=184259"}],"wp:term":[{"taxonomy":"category","embeddable":true,"href":"https:\/\/plazajuarez.mx\/historico\/wp-json\/wp\/v2\/categories?post=184259"},{"taxonomy":"post_tag","embeddable":true,"href":"https:\/\/plazajuarez.mx\/historico\/wp-json\/wp\/v2\/tags?post=184259"}],"curies":[{"name":"wp","href":"https:\/\/api.w.org\/{rel}","templated":true}]}}