{"id":184257,"date":"2021-09-28T14:25:37","date_gmt":"2021-09-28T19:25:37","guid":{"rendered":"https:\/\/plazajuarez.mx\/?p=184257"},"modified":"2021-09-28T14:26:03","modified_gmt":"2021-09-28T19:26:03","slug":"empleos_energias","status":"publish","type":"post","link":"https:\/\/plazajuarez.mx\/historico\/empleos_energias\/","title":{"rendered":"Empleos y energ\u00edas renovables, temas de reuni\u00f3n de Sheinbaum-Salazar"},"content":{"rendered":"\n<p>La jefa de Gobierno de la Ciudad de M\u00e9xico, Claudia Sheinbaum Pardo, se reuni\u00f3 esta ma\u00f1ana con el Embajador de Estados Unidos de Am\u00e9rica, Ken Salazar, en donde abordaron temas como la generaci\u00f3n de empleos para los j\u00f3venes en la capital, las energ\u00edas renovables, el intercambio comercial y mejoramiento del transporte de carga hacia el norte del pa\u00eds.<\/p>\n\n\n\n<p>En la reuni\u00f3n, la mandataria local destac\u00f3 el proyecto Vallejo-I -donde empresas estadounidenses podr\u00edan interesarse en invertir-, as\u00ed como lograr una vinculaci\u00f3n de los alumnos de las Escuelas de C\u00f3digo de los Puntos de Innovaci\u00f3n, Libertad, Arte, Educaci\u00f3n y Saberes (PILARES) para la prestaci\u00f3n de servicios digitales a empresas del pa\u00eds del norte.<\/p>\n\n\n\n<p>En este encuentro tambi\u00e9n estuvieron presentes el Ministro Consejero de Asuntos Pol\u00edticos, Brian Naranjo, y la Coordinadora de Asesores y Asuntos Internacionales, Diana Alarc\u00f3n Gonz\u00e1lez.<\/p>\n","protected":false},"excerpt":{"rendered":"<p>La jefa de Gobierno de la Ciudad de M\u00e9xico, Claudia Sheinbaum Pardo, se reuni\u00f3 esta ma\u00f1ana con el Embajador de Estados Unidos de Am\u00e9rica, Ken Salazar, en donde abordaron temas como la generaci\u00f3n de empleos para los j\u00f3venes en la capital, las energ\u00edas renovables, el intercambio comercial y mejoramiento del transporte de carga hacia el [&hellip;]<\/p>\n","protected":false},"author":81,"featured_media":181492,"comment_status":"closed","ping_status":"closed","sticky":false,"template":"","format":"standard","meta":{"footnotes":""},"categories":[36],"tags":[],"class_list":["post-184257","post","type-post","status-publish","format-standard","has-post-thumbnail","hentry","category-nacion"],"_links":{"self":[{"href":"https:\/\/plazajuarez.mx\/historico\/wp-json\/wp\/v2\/posts\/184257","targetHints":{"allow":["GET"]}}],"collection":[{"href":"https:\/\/plazajuarez.mx\/historico\/wp-json\/wp\/v2\/posts"}],"about":[{"href":"https:\/\/plazajuarez.mx\/historico\/wp-json\/wp\/v2\/types\/post"}],"author":[{"embeddable":true,"href":"https:\/\/plazajuarez.mx\/historico\/wp-json\/wp\/v2\/users\/81"}],"replies":[{"embeddable":true,"href":"https:\/\/plazajuarez.mx\/historico\/wp-json\/wp\/v2\/comments?post=184257"}],"version-history":[{"count":0,"href":"https:\/\/plazajuarez.mx\/historico\/wp-json\/wp\/v2\/posts\/184257\/revisions"}],"wp:featuredmedia":[{"embeddable":true,"href":"https:\/\/plazajuarez.mx\/historico\/wp-json\/wp\/v2\/media\/181492"}],"wp:attachment":[{"href":"https:\/\/plazajuarez.mx\/historico\/wp-json\/wp\/v2\/media?parent=184257"}],"wp:term":[{"taxonomy":"category","embeddable":true,"href":"https:\/\/plazajuarez.mx\/historico\/wp-json\/wp\/v2\/categories?post=184257"},{"taxonomy":"post_tag","embeddable":true,"href":"https:\/\/plazajuarez.mx\/historico\/wp-json\/wp\/v2\/tags?post=184257"}],"curies":[{"name":"wp","href":"https:\/\/api.w.org\/{rel}","templated":true}]}}