{"id":184249,"date":"2021-09-28T14:13:38","date_gmt":"2021-09-28T19:13:38","guid":{"rendered":"https:\/\/plazajuarez.mx\/?p=184249"},"modified":"2021-09-28T14:30:48","modified_gmt":"2021-09-28T19:30:48","slug":"feministas-_convocan","status":"publish","type":"post","link":"https:\/\/plazajuarez.mx\/historico\/feministas-_convocan\/","title":{"rendered":"Feministas convocan a marchas a favor del aborto legal"},"content":{"rendered":"\n<p>En el marco del D\u00eda de Acci\u00f3n Global por el aborto legal, colectivos feministas lanzaron diversas convocatorias para participar en las marchas a favor del aborto legal y seguro en M\u00e9xico.<\/p>\n\n\n\n<p>&#8211;Baja California Sur<\/p>\n\n\n\n<p>Feministas en Baja California Sur se manifestaron desde esta ma\u00f1ana en el marco del D\u00eda de Acci\u00f3n Global para el Acceso al Aborto Legal y Seguro, colocando pa\u00f1oletas y mantas en bustos y diferentes puntos de plazas p\u00fablicas.<\/p>\n\n\n\n<p>Desde la madrugada de este martes, aparecieron mantas con las leyendas &#8220;Aborto legal&#8221;, &#8220;Madre por decisi\u00f3n, no por obligaci\u00f3n&#8221; en puentes peatonales de los municipios de La Paz y Los Cabos.<\/p>\n\n\n\n<p>Consignas pintadas en mantas y pa\u00f1oletas fueron colocadas tambi\u00e9n en bustos de personajes de la historia sudcaliforniana y en esculturas del malec\u00f3n de La Paz, as\u00ed como en el Palacio de Gobierno de esta capital.<\/p>\n\n\n\n<p>La protesta se ha trasladado a redes sociales, donde los colectivos invitan a la ciudadan\u00eda a sumarse a la demanda con los &#8220;hashtag&#8221; &#8220;#AbortoLegalYa&#8221; y &#8220;#AbortoLegalBCS&#8221; y reclaman las reformas a las leyes locales para la despenalizaci\u00f3n del aborto.<\/p>\n\n\n\n<p>La Asamblea Feminista de Baja California Sur que integra a diversos colectivos de mujeres inform\u00f3 que se realizar\u00e1n diversas actividades este d\u00eda, a fin de &#8220;visibilizar la violencia que persiste en contra de los derechos sexuales y reproductivos y que se ejerce desde los tres niveles de gobierno, el sector privado, iglesias y otros sectores sociales&#8221;.<\/p>\n\n\n\n<p>En un comunicado manifest\u00f3 que demandan &#8220;un alto a la criminalizaci\u00f3n y persecuci\u00f3n del Estado y de la sociedad hacia las mujeres que deciden abordar&#8221;, as\u00ed como las modificaciones al aparato pol\u00edtico-jur\u00eddico para promover y salvaguardar los derechos de las mujeres.<\/p>\n\n\n\n<p>Entre las actividades que se realizar\u00e1n, adem\u00e1s de la protesta virtual en la que convocan a mujeres a subir fotos o im\u00e1genes con el pa\u00f1uelo verde, se llevar\u00e1n a cabo tres marchas hacia las 18:00 \u2013hora local- , en Cabo San Lucas, San Jos\u00e9 Del Cabo y La Paz, donde se leer\u00e1n testimonios de mujeres que han abortado.<\/p>\n\n\n\n<p>&#8211;Sinaloa<\/p>\n\n\n\n<p>Colectivos de g\u00e9nero celebrar\u00e1n, en el exterior del Congreso del Estado, en la capital del estado, una velada por el aborto legal y seguro con talleres de pintura, bordado, acompa\u00f1amiento, conversatorio y tendedero.<\/p>\n\n\n\n<p>La convocatoria es para que las mujeres asistan a este evento a partir de las 17:00 horas, con ropa c\u00f3moda; la solicitud es llevar veladoras blancas, latas de pintura para dise\u00f1ar sus consignas, pinceles para el taller de pintura y pa\u00f1uelos color verde.<\/p>\n\n\n\n<p>El Colectivo de Mujeres Activas Sinaloense, que encabeza esta velada a favor del aborto festej\u00f3 que el pasado 16 de septiembre el Congreso del Estado declar\u00f3 inv\u00e1lido el art\u00edculo 4-Bis A, Fracci\u00f3n Primera, en el que se garantiza la vida desde el momento de la concepci\u00f3n hasta su muerte en forma natural.<\/p>\n\n\n\n<p>Con esta acci\u00f3n, se acat\u00f3 la sentencia emitida en forma reciente por la Suprema Corte de Justicia de la Naci\u00f3n, en relaci\u00f3n a las reformas que fueron aprobadas en la pasada legislatura local, en el mes de septiembre del 2018.<\/p>\n\n\n\n<p>Durante la discusi\u00f3n de la acci\u00f3n de inconstitucionalidad presentada por la extinta Procuradur\u00eda General de la Rep\u00fablica (PGR) contra la penalizaci\u00f3n del aborto contenida en el C\u00f3digo Penal de Coahuila, los 10 ministros presentes en la sesi\u00f3n de ayer avalaron la propuesta de Luis Mar\u00eda Aguilar Morales para declarar contrario a la Constituci\u00f3n sancionar penalmente a las mujeres que abortan voluntariamente.<\/p>\n\n\n\n<p>En consecuencia, se elimina el art\u00edculo 196 del C\u00f3digo Penal de Coahuila, que establece hasta tres a\u00f1os de c\u00e1rcel para las mujeres que abortan; el 198, en la porci\u00f3n que imped\u00eda que la mujer fuera asistida por personal sanitario cuando se practique un aborto de manera voluntaria, y el 199, que criminalizaba el aborto en caso de violaci\u00f3n, inseminaci\u00f3n o implantaci\u00f3n artificial.<\/p>\n\n\n\n<p>El criterio de la Corte que defiende el derecho de las mujeres a decidir sobre el embarazo ser\u00e1 obligatorio para todos los jueces del pa\u00eds cuando se intente llevar a la c\u00e1rcel a las mujeres que abortan por su decisi\u00f3n y, por lo tanto, no ir\u00e1n a la c\u00e1rcel.<\/p>\n\n\n\n<p>Ello, a pesar de que las legislaciones locales a\u00fan consideren el aborto voluntario como un delito. De igual modo, si las mujeres que est\u00e1n encarceladas por esta raz\u00f3n buscan que sus casos sean revisados pueden invocar el criterio para intentar ser liberadas.<\/p>\n","protected":false},"excerpt":{"rendered":"<p>En el marco del D\u00eda de Acci\u00f3n Global por el aborto legal, colectivos feministas lanzaron diversas convocatorias para participar en las marchas a favor del aborto legal y seguro en M\u00e9xico. &#8211;Baja California Sur Feministas en Baja California Sur se manifestaron desde esta ma\u00f1ana en el marco del D\u00eda de Acci\u00f3n Global para el Acceso [&hellip;]<\/p>\n","protected":false},"author":81,"featured_media":184255,"comment_status":"closed","ping_status":"closed","sticky":false,"template":"","format":"standard","meta":{"footnotes":""},"categories":[36],"tags":[],"class_list":["post-184249","post","type-post","status-publish","format-standard","has-post-thumbnail","hentry","category-nacion"],"_links":{"self":[{"href":"https:\/\/plazajuarez.mx\/historico\/wp-json\/wp\/v2\/posts\/184249","targetHints":{"allow":["GET"]}}],"collection":[{"href":"https:\/\/plazajuarez.mx\/historico\/wp-json\/wp\/v2\/posts"}],"about":[{"href":"https:\/\/plazajuarez.mx\/historico\/wp-json\/wp\/v2\/types\/post"}],"author":[{"embeddable":true,"href":"https:\/\/plazajuarez.mx\/historico\/wp-json\/wp\/v2\/users\/81"}],"replies":[{"embeddable":true,"href":"https:\/\/plazajuarez.mx\/historico\/wp-json\/wp\/v2\/comments?post=184249"}],"version-history":[{"count":0,"href":"https:\/\/plazajuarez.mx\/historico\/wp-json\/wp\/v2\/posts\/184249\/revisions"}],"wp:featuredmedia":[{"embeddable":true,"href":"https:\/\/plazajuarez.mx\/historico\/wp-json\/wp\/v2\/media\/184255"}],"wp:attachment":[{"href":"https:\/\/plazajuarez.mx\/historico\/wp-json\/wp\/v2\/media?parent=184249"}],"wp:term":[{"taxonomy":"category","embeddable":true,"href":"https:\/\/plazajuarez.mx\/historico\/wp-json\/wp\/v2\/categories?post=184249"},{"taxonomy":"post_tag","embeddable":true,"href":"https:\/\/plazajuarez.mx\/historico\/wp-json\/wp\/v2\/tags?post=184249"}],"curies":[{"name":"wp","href":"https:\/\/api.w.org\/{rel}","templated":true}]}}