{"id":184246,"date":"2021-09-28T13:39:36","date_gmt":"2021-09-28T18:39:36","guid":{"rendered":"https:\/\/plazajuarez.mx\/?p=184246"},"modified":"2021-09-28T13:39:49","modified_gmt":"2021-09-28T18:39:49","slug":"mexico_independencia","status":"publish","type":"post","link":"https:\/\/plazajuarez.mx\/historico\/mexico_independencia\/","title":{"rendered":"M\u00e9xico conmemora los 200 a\u00f1os de la consumaci\u00f3n de su independencia con una recreaci\u00f3n"},"content":{"rendered":"\n<p>M\u00e9xico conmemor\u00f3 este lunes los 200 a\u00f1os de la consumaci\u00f3n de su independencia con una recreaci\u00f3n hist\u00f3rica en el Z\u00f3calo de la Ciudad de M\u00e9xico sobre la entrada del Ej\u00e9rcito Trigarante a la capital mexicana en 1821, un evento en el que destac\u00f3 la ausencia de autoridades espa\u00f1olas.<\/p>\n\n\n\n<p>&#8220;A partir de la independencia pol\u00edtica, la nueva naci\u00f3n pas\u00f3 por pruebas muy dif\u00edciles y dolorosas hasta llegar a ser lo que hoy somos. Gracias a mujeres y hombres que a lo largo de la historia han sabido poner en alto el nombre de M\u00e9xico con valor&#8221;, dijo el presidente Andr\u00e9s Manuel L\u00f3pez Obrador, quien encabez\u00f3 la ceremonia.<\/p>\n\n\n\n<p>El mandatario se\u00f1al\u00f3 que hace 200 a\u00f1os se marc\u00f3 para siempre la separaci\u00f3n pol\u00edtica con Espa\u00f1a y destac\u00f3 la importancia de mantener relaciones de amistad con todas los pa\u00edses del mundo.<\/p>\n\n\n\n<p>Durante el evento, hubo breves discursos de representantes de los Gobiernos de Francia, la India, Serbia, Rusia y el Vaticano.<\/p>\n\n\n\n<p>Sobresali\u00f3 el presidente de Estados Unidos, Joe Biden, quien mediante un mensaje en video declar\u00f3 que M\u00e9xico es el &#8220;amigo m\u00e1s cercano&#8221; de su pa\u00eds y se comprometi\u00f3 a &#8220;fortalecer y expandir&#8221; esta relaci\u00f3n.<\/p>\n\n\n\n<p>A su vez destac\u00f3 la ausencia de representantes de Espa\u00f1a, pa\u00eds con el que se enfriaron las relaciones por las petici\u00f3n de L\u00f3pez Obrador para que el rey Felipe VI se disculpara por la conquista y por sus cr\u00edticas a empresas espa\u00f1olas.<\/p>\n\n\n\n<p>LA RECREACI\u00d3N HIST\u00d3RICA<\/p>\n\n\n\n<p>En el evento, decenas de actores, algunos a caballo, escenificaron el periodo prehisp\u00e1nico, el virreinato, el Grito de Independencia, as\u00ed como los episodios de dos insurgentes destacados: Jos\u00e9 Mar\u00eda Morelos y Vicente Guerrero.<\/p>\n\n\n\n<p>Tambi\u00e9n momentos clave del proceso de independencia como el Plan de Iguala el 24 de febrero de 1821, los Tratados de C\u00f3rdoba del 24 de agosto, la entrada triunfal del Ej\u00e9rcito Trigarante el 27 de septiembre y la firma del Acta de Independencia el 28 de septiembre.<\/p>\n\n\n\n<p>Posteriormente continu\u00f3 una parte musical con la interpretaci\u00f3n de la Canci\u00f3n marcial y ejecuciones del ballet de la Escuela Nacional de Danza Folcl\u00f3rica.<\/p>\n\n\n\n<p>La obra fue compuesta por el m\u00fasico Jos\u00e9 Antonio G\u00f3mez en 1824, precisamente en conmemoraci\u00f3n de la consumaci\u00f3n de la independencia.<\/p>\n\n\n\n<p>Tambi\u00e9n hubo interpretaciones del coro orquesta, mariachi, banda de m\u00fasica, el ballet del Ej\u00e9rcito y el himno nacional.<\/p>\n\n\n\n<p>&#8220;Un d\u00eda como hoy, hace 200 a\u00f1os, entr\u00f3 triunfal el Ej\u00e9rcito Trigarante, acto que simboliz\u00f3 la consumaci\u00f3n de la Independencia. Esta representaci\u00f3n hist\u00f3rica cultural es un homenaje a h\u00e9roes conocidos y an\u00f3nimos&#8221;, dijo el secretario de la Defensa, Luis Cresencio Sandoval.<\/p>\n\n\n\n<p>PIEZAS HIST\u00d3RICAS REPATRIADAS<\/p>\n\n\n\n<p>Adem\u00e1s del evento, el Gobierno inaugur\u00f3 este lunes una exposici\u00f3n sobre la &#8220;grandeza de M\u00e9xico&#8221; que re\u00fane piezas arqueol\u00f3gicas y c\u00f3dices regresados al pa\u00eds desde otras naciones, pero sin el ansiado Penacho de Moctezuma que Austria no quiso prestar.<\/p>\n\n\n\n<p>Dicha exposici\u00f3n, que se podr\u00e1 visitar hasta abril de 2022 en el Museo Nacional de Antropolog\u00eda y en la Secretar\u00eda de Educaci\u00f3n, contiene m\u00e1s de 1.500 piezas de las culturas maya, tolteca, teotihuacana, azteca y mixteca.<\/p>\n\n\n\n<p>Las autoridades recalcaron que el Gobierno ha trabajado en la recuperaci\u00f3n del patrimonio que est\u00e1 en el extranjero.<\/p>\n\n\n\n<p>Recordaron que el pasado 16 de septiembre Italia inform\u00f3 a las autoridades mexicanas que logr\u00f3 detener una subasta de 17 piezas arqueol\u00f3gicas mexicanas y aunque ocho piezas ya se hab\u00edan subastado, fueron incautadas y est\u00e1n en proceso de repatriaci\u00f3n al pa\u00eds-<\/p>\n\n\n\n<p>Para ello fue crucial la participaci\u00f3n de la unidad de Carabineros para la Protecci\u00f3n del Patrimonio Cultural de Italia, y a cuyo comandante, Roberto Riccardi, se le otorg\u00f3 este lunes la condecoraci\u00f3n de la Orden Mexicana del \u00c1guila Azteca, las m\u00e1s alta del Estado mexicano, ya que con su ayuda se han repatriado 633 piezas.<\/p>\n\n\n\n<p>MONEDAS Y REPRESENTACI\u00d3N<\/p>\n\n\n\n<p>Como parte de estos actos se presentaron monedas conmemorativas en las que se hace alusi\u00f3n a los 700 a\u00f1os de la fundaci\u00f3n de la ciudad de M\u00e9xico-Tenochtitlan (actual Ciudad de M\u00e9xico); a los 500 a\u00f1os de la conquista de Hern\u00e1n Cort\u00e9s, un efem\u00e9ride rebautizada por el Gobierno como &#8220;resistencia ind\u00edgena&#8221;, y al bicentenario de la consumaci\u00f3n de la independencia del pa\u00eds.<\/p>\n\n\n\n<p>Las celebraciones, llevadas a cabo durante todo el a\u00f1o, han estado marcadas por una reivindicaci\u00f3n de los ind\u00edgenas y por la insistencia de L\u00f3pez Obrador para que Espa\u00f1a y el papa Francisco ofrezcan disculpas a los pueblos originarios, como lo ha hecho el Estado mexicano.<\/p>\n\n\n\n<p>Precisamente este lunes, el papa Francisco pidi\u00f3 a M\u00e9xico aprender de su pasado tras reconocer errores cometidos por la Iglesia cat\u00f3lica, seg\u00fan expres\u00f3 en una misiva.<\/p>\n\n\n\n<p>El papa resalt\u00f3 que celebrar la independencia del pa\u00eds significa &#8220;afirmar la libertad&#8221; y esta supone &#8220;un don y una conquista permanente&#8221;.<\/p>\n","protected":false},"excerpt":{"rendered":"<p>M\u00e9xico conmemor\u00f3 este lunes los 200 a\u00f1os de la consumaci\u00f3n de su independencia con una recreaci\u00f3n hist\u00f3rica en el Z\u00f3calo de la Ciudad de M\u00e9xico sobre la entrada del Ej\u00e9rcito Trigarante a la capital mexicana en 1821, un evento en el que destac\u00f3 la ausencia de autoridades espa\u00f1olas. &#8220;A partir de la independencia pol\u00edtica, la [&hellip;]<\/p>\n","protected":false},"author":80,"featured_media":184247,"comment_status":"closed","ping_status":"closed","sticky":false,"template":"","format":"standard","meta":{"footnotes":""},"categories":[36],"tags":[],"class_list":["post-184246","post","type-post","status-publish","format-standard","has-post-thumbnail","hentry","category-nacion"],"_links":{"self":[{"href":"https:\/\/plazajuarez.mx\/historico\/wp-json\/wp\/v2\/posts\/184246","targetHints":{"allow":["GET"]}}],"collection":[{"href":"https:\/\/plazajuarez.mx\/historico\/wp-json\/wp\/v2\/posts"}],"about":[{"href":"https:\/\/plazajuarez.mx\/historico\/wp-json\/wp\/v2\/types\/post"}],"author":[{"embeddable":true,"href":"https:\/\/plazajuarez.mx\/historico\/wp-json\/wp\/v2\/users\/80"}],"replies":[{"embeddable":true,"href":"https:\/\/plazajuarez.mx\/historico\/wp-json\/wp\/v2\/comments?post=184246"}],"version-history":[{"count":0,"href":"https:\/\/plazajuarez.mx\/historico\/wp-json\/wp\/v2\/posts\/184246\/revisions"}],"wp:featuredmedia":[{"embeddable":true,"href":"https:\/\/plazajuarez.mx\/historico\/wp-json\/wp\/v2\/media\/184247"}],"wp:attachment":[{"href":"https:\/\/plazajuarez.mx\/historico\/wp-json\/wp\/v2\/media?parent=184246"}],"wp:term":[{"taxonomy":"category","embeddable":true,"href":"https:\/\/plazajuarez.mx\/historico\/wp-json\/wp\/v2\/categories?post=184246"},{"taxonomy":"post_tag","embeddable":true,"href":"https:\/\/plazajuarez.mx\/historico\/wp-json\/wp\/v2\/tags?post=184246"}],"curies":[{"name":"wp","href":"https:\/\/api.w.org\/{rel}","templated":true}]}}