{"id":184243,"date":"2021-09-28T13:29:56","date_gmt":"2021-09-28T18:29:56","guid":{"rendered":"https:\/\/plazajuarez.mx\/?p=184243"},"modified":"2021-09-28T13:30:07","modified_gmt":"2021-09-28T18:30:07","slug":"jose_jose","status":"publish","type":"post","link":"https:\/\/plazajuarez.mx\/historico\/jose_jose\/","title":{"rendered":"Jos\u00e9 Jos\u00e9, un pap\u00e1 no celoso y un abuelito a todo dar"},"content":{"rendered":"\n<p>&#8220;Cuando vayas conmigo no mires a nadie&#8221;, era una de las frases que cantaba Jos\u00e9 Jos\u00e9, pero, aunque interpretara con pasi\u00f3n y mucha intensidad algunos temas inspirados en los celos, en realidad era una persona bonachona, amorosa, muy abierta a la comunicaci\u00f3n, recuerda su hija Marysol Sosa.<\/p>\n\n\n\n<p>&#8220;Cuando yo era adolescente, si me dec\u00eda: \u2018cu\u00eddate mucho y cuida tu coraz\u00f3n\u2019, y por otro lado era muy abierto a la comunicaci\u00f3n, personalmente yo no fui la chava m\u00e1s noviera, no fui la hija de \u2018ya p\u00e1renle el carro a esta muchacha\u2019 (risas) realmente no fui as\u00ed.<\/p>\n\n\n\n<p>&#8220;\u00c9l ten\u00eda mucha confianza en m\u00ed, s\u00cd me ped\u00eda que me cuidara mucho, porque ten\u00edamos personalidades muy parecidas, y era f\u00e1cil que nos pusi\u00e9ramos como tapete, a \u00e9l le pas\u00f3 y a m\u00ed tambi\u00e9n en mi juventud&#8221;, comenta a EL UNIVERSAL Marysol Sosa.<\/p>\n\n\n\n<p>&#8220;Pepe&#8221;, como le dice a su hermano Jos\u00e9 Joel, era un poquito m\u00e1s protector con ella, comenta, debido a que siempre ha tenido un car\u00e1cter muy diferente a ellos dos, entonces con \u00e9l era diferente la cosa.<\/p>\n\n\n\n<p>&#8220;Pero tampoco fui la hermana de, \u2018uy no manches cuanto tiempo estoy fuera de la casa. Pero mi pap\u00e1 no me celaba como \u2018de \u00a1no!, y \u00a1c\u00e1llate! y \u00a1no sales! y \u00a1no vas!\u2019, no era as\u00ed, sino que era m\u00e1s esta parte comunicativa y de cu\u00eddate mucho, mis a\u00f1os de preadolescencia y adolescencia llegaron cuando \u00e9l ya no estaba en mi casa, mis padres ya se hab\u00edan divorciado, fue un poco de lejos todo, pero mi padre siempre estuvo muy al pendiente&#8221;, comparte.<\/p>\n\n\n\n<p>&#8220;El Pr\u00edncipe de la Canci\u00f3n&#8221;, era un hombre de familia, as\u00ed lo describe su hija, que ahora ya siendo una adulta comprende la gran importancia que ten\u00eda en el medio art\u00edstico y lo que representaba para miles de mexicanos, se\u00f1ala que cuando era peque\u00f1a no estaba tan consciente de ello.<\/p>\n\n\n\n<p>&#8220;Me llegan a la memoria muchas cosas, fui la hija de una gran cantante que M\u00e9xico dio y que aparte nos hac\u00edan parte de todo, era el se\u00f1or con su familia, respetaban al cantante que siempre contaba con su familia, con su casa, con su esposa, entonces fuimos una familia muy conocida, y era una familia publica, recuerdo desde la parte de que al ser tu pap\u00e1 un cantante, entonces est\u00e1bamos en los camerinos, nos qued\u00e1bamos en hoteles con habitaciones preciosas, nos asist\u00edan como reyes verdaderamente, muchas cosas as\u00ed vivimos&#8221;.<\/p>\n\n\n\n<p>&#8211;Un peque\u00f1o Principito ha nacido<\/p>\n\n\n\n<p>Lamentablemente el int\u00e9rprete de \u00e9xitos como &#8220;El triste&#8221; y &#8220;Gavil\u00e1n o paloma&#8221;, no alcanz\u00f3 a conocer a los hijos de Marysol, pero comenta que su beb\u00e9 Jos\u00e9 Patricio &#8220;abuele\u00f3&#8221; y es id\u00e9ntico a su padre cuando era ni\u00f1o.<\/p>\n\n\n\n<p>&#8220;Pero grues\u00edsimo, mi hijo es s\u00faper parecido a su abuelo Pepe, he compartido en mis redes algunas fotos y de su parecido Sosa, el cual sorprende mucho, pero bueno agradecidos al cielo tambi\u00e9n por eso&#8221;, expresa.<\/p>\n\n\n\n<p>Aunque sus hijos no hayan conocido a su abuelo, a su corta edad ya lo ubican y saben qui\u00e9n fue Jos\u00e9 R\u00f3mulo Sosa Ortiz, como era su nombre real, debido a que les comparte los recuerdos que tiene de su padre.<\/p>\n\n\n\n<p>&#8220;Al d\u00eda de hoy me encanta que mis hijos ya reconocen y ubican qui\u00e9n es su abuelo, mi hijo de a\u00f1o cuatro meses, mi hija de casi tres a\u00f1os, entonces saben que, si tienen un abuelo que no ven f\u00edsicamente, pero que est\u00e1 presente en el d\u00eda a d\u00eda de nosotros&#8221;, se\u00f1ala.<\/p>\n\n\n\n<p>Era una persona que amaba a los ni\u00f1os, y asegura que hubiera sido un abuelito muy amoroso con sus hijos, debido a c\u00f3mo se comportaba con su sobrina Francesca, hija de Jos\u00e9 Joel.<\/p>\n\n\n\n<p>&#8220;S\u00ed tuvo la dicha la hija de mi hermano de conocerle como abuelito, era la cosa m\u00e1s divertida, \u00e9l era s\u00faper ni\u00f1ero definitivamente y lo que me toc\u00f3 a mi presenciar de lo que fue con mi sobrina de chiquita fue muy esplendido y en lo particular me hubiese gustado sobre manera que conociera a mis hijos, al d\u00eda de hoy eso si es algo que la nostalgia todav\u00eda me arropa de sobremanera, pero agradezco mucho el haberlo tenido como pap\u00e1&#8221;, enfatiza.<\/p>\n","protected":false},"excerpt":{"rendered":"<p>&#8220;Cuando vayas conmigo no mires a nadie&#8221;, era una de las frases que cantaba Jos\u00e9 Jos\u00e9, pero, aunque interpretara con pasi\u00f3n y mucha intensidad algunos temas inspirados en los celos, en realidad era una persona bonachona, amorosa, muy abierta a la comunicaci\u00f3n, recuerda su hija Marysol Sosa. &#8220;Cuando yo era adolescente, si me dec\u00eda: \u2018cu\u00eddate [&hellip;]<\/p>\n","protected":false},"author":81,"featured_media":184244,"comment_status":"closed","ping_status":"closed","sticky":false,"template":"","format":"standard","meta":{"footnotes":""},"categories":[38],"tags":[],"class_list":["post-184243","post","type-post","status-publish","format-standard","has-post-thumbnail","hentry","category-show"],"_links":{"self":[{"href":"https:\/\/plazajuarez.mx\/historico\/wp-json\/wp\/v2\/posts\/184243","targetHints":{"allow":["GET"]}}],"collection":[{"href":"https:\/\/plazajuarez.mx\/historico\/wp-json\/wp\/v2\/posts"}],"about":[{"href":"https:\/\/plazajuarez.mx\/historico\/wp-json\/wp\/v2\/types\/post"}],"author":[{"embeddable":true,"href":"https:\/\/plazajuarez.mx\/historico\/wp-json\/wp\/v2\/users\/81"}],"replies":[{"embeddable":true,"href":"https:\/\/plazajuarez.mx\/historico\/wp-json\/wp\/v2\/comments?post=184243"}],"version-history":[{"count":0,"href":"https:\/\/plazajuarez.mx\/historico\/wp-json\/wp\/v2\/posts\/184243\/revisions"}],"wp:featuredmedia":[{"embeddable":true,"href":"https:\/\/plazajuarez.mx\/historico\/wp-json\/wp\/v2\/media\/184244"}],"wp:attachment":[{"href":"https:\/\/plazajuarez.mx\/historico\/wp-json\/wp\/v2\/media?parent=184243"}],"wp:term":[{"taxonomy":"category","embeddable":true,"href":"https:\/\/plazajuarez.mx\/historico\/wp-json\/wp\/v2\/categories?post=184243"},{"taxonomy":"post_tag","embeddable":true,"href":"https:\/\/plazajuarez.mx\/historico\/wp-json\/wp\/v2\/tags?post=184243"}],"curies":[{"name":"wp","href":"https:\/\/api.w.org\/{rel}","templated":true}]}}