{"id":184241,"date":"2021-09-28T13:16:18","date_gmt":"2021-09-28T18:16:18","guid":{"rendered":"https:\/\/plazajuarez.mx\/?p=184241"},"modified":"2021-09-28T13:25:46","modified_gmt":"2021-09-28T18:25:46","slug":"vacunacion_menores","status":"publish","type":"post","link":"https:\/\/plazajuarez.mx\/historico\/vacunacion_menores\/","title":{"rendered":"Vacunaci\u00f3n de menores, hasta que definan lineamientos"},"content":{"rendered":"\n<p>Una vez que el gobierno federal defina los lineamientos para la vacunaci\u00f3n de menores de 12 a 17 a\u00f1os con comorbilidades, la Ciudad de M\u00e9xico atender\u00e1 de inmediato a este sector, asegur\u00f3 la Secretar\u00eda de Salud local, Oliva L\u00f3pez Arellano.<\/p>\n\n\n\n<p>&#8220;O sea, si vacunamos en una semana a 1 mill\u00f3n de personas, podemos atender de inmediato, en cuanto se defina con precisi\u00f3n cu\u00e1les patolog\u00edas se van a considerar y d\u00f3nde ser\u00e1n las sedes para esta aplicaci\u00f3n, que tendr\u00e1n que ser, seguramente, sedes hospitalarias&#8221;, dijo.<\/p>\n\n\n\n<p>Record\u00f3 que, de acuerdo con las autoridades federales, los lineamientos saldr\u00e1n publicados este martes, por lo que est\u00e1n a la espera.<\/p>\n\n\n\n<p>&#8220;Se hizo una comunicaci\u00f3n general y estamos esperando los lineamientos espec\u00edficos para hacer las estimaciones. Para todo el pa\u00eds se estima vacunar 1 mill\u00f3n y medio; entre 750 mil y 1 mill\u00f3n y medio de ni\u00f1os entre 12 y 17 a\u00f1os con ciertas comorbilidades; entonces, hoy que salgan los lineamientos, iniciaremos esa estimaci\u00f3n para tener todos listo en cuando nos digan &#8216;ya pueden empezar a vacunar'&#8221;, coment\u00f3.<\/p>\n\n\n\n<p>La funcionaria expuso que la tarea fundamental por ahora, es terminar, por lo menos con una dosis de todas las personas de 18 y m\u00e1s a\u00f1os, valorar rezagos y seguir con segundas dosis, pero en cuanto est\u00e9n los lineamientos se iniciar\u00eda la aplicaci\u00f3n.<\/p>\n\n\n\n<p>&#8220;Es muy poco el volumen frente a lo que hemos vacunado, recuerden que Ciudad de M\u00e9xico es la ciudad que m\u00e1s ha vacunado, ya tenemos m\u00e1s de 11.3 millones de dosis aplicadas; entonces, es relativamente un grupo manejable&#8221;, coment\u00f3.<\/p>\n\n\n\n<p>El pasado s\u00e1bado la funcionaria indic\u00f3 que ya se han definido algunas enfermedades entre los menores como son: inmunosupresi\u00f3n; c\u00e1ncer; trasplantes; VIH; enfermedad pulmonar cr\u00f3nica grave; afecciones cr\u00f3nicas del ri\u00f1\u00f3n, h\u00edgado y sistema digestivo; enfermedad neurol\u00f3gica cr\u00f3nica; enfermedades cardiovasculares; diabetes y otras enfermedades endocrinas, particularmente obesidad grado 2 o mayor; anomal\u00edas gen\u00e9ticas o cromos\u00f3micas, y embarazo adolescente.<\/p>\n","protected":false},"excerpt":{"rendered":"<p>Una vez que el gobierno federal defina los lineamientos para la vacunaci\u00f3n de menores de 12 a 17 a\u00f1os con comorbilidades, la Ciudad de M\u00e9xico atender\u00e1 de inmediato a este sector, asegur\u00f3 la Secretar\u00eda de Salud local, Oliva L\u00f3pez Arellano. &#8220;O sea, si vacunamos en una semana a 1 mill\u00f3n de personas, podemos atender de [&hellip;]<\/p>\n","protected":false},"author":81,"featured_media":159047,"comment_status":"closed","ping_status":"closed","sticky":false,"template":"","format":"standard","meta":{"footnotes":""},"categories":[2160],"tags":[],"class_list":["post-184241","post","type-post","status-publish","format-standard","has-post-thumbnail","hentry","category-noticias-de-la-ciudad-de-mexico"],"_links":{"self":[{"href":"https:\/\/plazajuarez.mx\/historico\/wp-json\/wp\/v2\/posts\/184241","targetHints":{"allow":["GET"]}}],"collection":[{"href":"https:\/\/plazajuarez.mx\/historico\/wp-json\/wp\/v2\/posts"}],"about":[{"href":"https:\/\/plazajuarez.mx\/historico\/wp-json\/wp\/v2\/types\/post"}],"author":[{"embeddable":true,"href":"https:\/\/plazajuarez.mx\/historico\/wp-json\/wp\/v2\/users\/81"}],"replies":[{"embeddable":true,"href":"https:\/\/plazajuarez.mx\/historico\/wp-json\/wp\/v2\/comments?post=184241"}],"version-history":[{"count":0,"href":"https:\/\/plazajuarez.mx\/historico\/wp-json\/wp\/v2\/posts\/184241\/revisions"}],"wp:featuredmedia":[{"embeddable":true,"href":"https:\/\/plazajuarez.mx\/historico\/wp-json\/wp\/v2\/media\/159047"}],"wp:attachment":[{"href":"https:\/\/plazajuarez.mx\/historico\/wp-json\/wp\/v2\/media?parent=184241"}],"wp:term":[{"taxonomy":"category","embeddable":true,"href":"https:\/\/plazajuarez.mx\/historico\/wp-json\/wp\/v2\/categories?post=184241"},{"taxonomy":"post_tag","embeddable":true,"href":"https:\/\/plazajuarez.mx\/historico\/wp-json\/wp\/v2\/tags?post=184241"}],"curies":[{"name":"wp","href":"https:\/\/api.w.org\/{rel}","templated":true}]}}