{"id":184199,"date":"2021-09-28T13:59:42","date_gmt":"2021-09-28T18:59:42","guid":{"rendered":"https:\/\/plazajuarez.mx\/?p=184199"},"modified":"2021-09-28T13:59:50","modified_gmt":"2021-09-28T18:59:50","slug":"cuauhtemoc-ochoa-se-suma-a-morena","status":"publish","type":"post","link":"https:\/\/plazajuarez.mx\/historico\/cuauhtemoc-ochoa-se-suma-a-morena\/","title":{"rendered":"Cuauht\u00e9moc Ochoa se suma a Morena"},"content":{"rendered":"\n<p>\u201cMe sumo a las filas de la Cuarta Transformaci\u00f3n desde la bancada de Morena en la C\u00e1mara de Diputados con el compromiso de luchar por M\u00e9xico e Hidalgo\u201d, asegur\u00f3 el diputado federal por Hidalgo, Cuauht\u00e9moc Ochoa tras firmar su adhesi\u00f3n al Grupo Parlamentario de Morena.<\/p>\n\n\n\n<p>Manifest\u00f3 que la Cuarta Transformaci\u00f3n ser\u00e1 una realidad en Hidalgo, \u201ces nuestra responsabilidad consolidarla, por eso tenemos que trabajar todos los d\u00edas sin descanso\u201d, expres\u00f3 el legislador federal.<\/p>\n\n\n\n<p>Por ello hizo un llamado a cumplir los tres pilares del proyecto de naci\u00f3n que encabeza Andr\u00e9s Manuel L\u00f3pez Obrador: no mentir, no robar y no traicionar el pueblo.<\/p>\n\n\n\n<p>\u201cVamos a transformar Hidalgo, vamos a trabajar con respeto y con disciplina, valores con los que me educaron, ser\u00e9 un guardi\u00e1n de la Cuarta Transformaci\u00f3n\u201d, se\u00f1al\u00f3 Cuauht\u00e9moc Ochoa.<\/p>\n","protected":false},"excerpt":{"rendered":"<p>\u201cMe sumo a las filas de la Cuarta Transformaci\u00f3n desde la bancada de Morena en la C\u00e1mara de Diputados con el compromiso de luchar por M\u00e9xico e Hidalgo\u201d, asegur\u00f3 el diputado federal por Hidalgo, Cuauht\u00e9moc Ochoa tras firmar su adhesi\u00f3n al Grupo Parlamentario de Morena. Manifest\u00f3 que la Cuarta Transformaci\u00f3n ser\u00e1 una realidad en Hidalgo, [&hellip;]<\/p>\n","protected":false},"author":93,"featured_media":182386,"comment_status":"closed","ping_status":"closed","sticky":false,"template":"","format":"standard","meta":{"footnotes":""},"categories":[15,59],"tags":[],"class_list":["post-184199","post","type-post","status-publish","format-standard","has-post-thumbnail","hentry","category-destacadas","category-general"],"_links":{"self":[{"href":"https:\/\/plazajuarez.mx\/historico\/wp-json\/wp\/v2\/posts\/184199","targetHints":{"allow":["GET"]}}],"collection":[{"href":"https:\/\/plazajuarez.mx\/historico\/wp-json\/wp\/v2\/posts"}],"about":[{"href":"https:\/\/plazajuarez.mx\/historico\/wp-json\/wp\/v2\/types\/post"}],"author":[{"embeddable":true,"href":"https:\/\/plazajuarez.mx\/historico\/wp-json\/wp\/v2\/users\/93"}],"replies":[{"embeddable":true,"href":"https:\/\/plazajuarez.mx\/historico\/wp-json\/wp\/v2\/comments?post=184199"}],"version-history":[{"count":0,"href":"https:\/\/plazajuarez.mx\/historico\/wp-json\/wp\/v2\/posts\/184199\/revisions"}],"wp:featuredmedia":[{"embeddable":true,"href":"https:\/\/plazajuarez.mx\/historico\/wp-json\/wp\/v2\/media\/182386"}],"wp:attachment":[{"href":"https:\/\/plazajuarez.mx\/historico\/wp-json\/wp\/v2\/media?parent=184199"}],"wp:term":[{"taxonomy":"category","embeddable":true,"href":"https:\/\/plazajuarez.mx\/historico\/wp-json\/wp\/v2\/categories?post=184199"},{"taxonomy":"post_tag","embeddable":true,"href":"https:\/\/plazajuarez.mx\/historico\/wp-json\/wp\/v2\/tags?post=184199"}],"curies":[{"name":"wp","href":"https:\/\/api.w.org\/{rel}","templated":true}]}}