{"id":184148,"date":"2021-09-28T07:54:52","date_gmt":"2021-09-28T12:54:52","guid":{"rendered":"https:\/\/plazajuarez.mx\/?p=184148"},"modified":"2021-09-28T07:55:04","modified_gmt":"2021-09-28T12:55:04","slug":"el-faro-52","status":"publish","type":"post","link":"https:\/\/plazajuarez.mx\/historico\/el-faro-52\/","title":{"rendered":"El Faro"},"content":{"rendered":"\n<h2 class=\"wp-block-heading\">Vientos del pueblo<\/h2>\n\n\n\n<p class=\"wp-block-paragraph\"><\/p>\n\n\n\n<p class=\"wp-block-paragraph\">Semanas atr\u00e1s habl\u00e1bamos de la presencia del representante m\u00e1ximo del partido pol\u00edtico de derecha extrema espa\u00f1ol llamado Vox. Ahora aprovecharemos este espacio para comentar la presencia del presidente cubano en M\u00e9xico durante las fiestas patrias.&nbsp;<\/p>\n\n\n\n<p class=\"wp-block-paragraph\">Miguel D\u00edaz-Canel preside el gobierno cubano desde 2019. La elecci\u00f3n no se bas\u00f3 en una elecci\u00f3n democr\u00e1tica representativa. Fue el resultado de una selecci\u00f3n \u201cdigital\u201d, a dedo, por parte del Ra\u00fal Castro, quien a su vez hered\u00f3 el puesto en 2008 de su hermano el archiconocido comandante Fidel Castro. La ic\u00f3nica revoluci\u00f3n cubana se institucionaliz\u00f3 desde sus or\u00edgenes en el Partido Comunista de Cuba. Fue un fen\u00f3meno esencialmente semejante a la institucionalizaci\u00f3n de la revoluci\u00f3n mexicana en el Partido Revolucionario Institucional (PRI).<\/p>\n\n\n\n<p class=\"wp-block-paragraph\">En el contexto de la VI cumbre de la Comunidad de Estados Latinoamericanos y del Caribe (CELAC) que se realiz\u00f3 el pasado 18 de septiembre, el l\u00edder cubano fue invitado al tradicional desfile militar del 16 de septiembre. Fue uno de los oradores, a\u00fan no siendo una persona nacida en suelo mexicano. En sus palabras, adem\u00e1s de los agradecimientos prescriptivos, remarc\u00f3 la dureza del bloqueo imperialista estadounidense contra Cuba.<\/p>\n\n\n\n<p class=\"wp-block-paragraph\">Desde oriente, en pocas semanas, vientos diferentes nos han tra\u00eddo a un representante de la derecha m\u00e1s dura contra el comunismo y a otro, un poco m\u00e1s cercano, representando a la izquierda comunista contra el capitalismo imperialista. En ambas situaciones hubo quejas, manifestaciones y desacuerdos profundos.&nbsp;<\/p>\n\n\n\n<p class=\"wp-block-paragraph\">En 1979 Jean-Fran\u00e7ois Lyotard escribi\u00f3 <em>La condici\u00f3n posmoderna<\/em>, intentando descubrir y caracterizar la etapa que en aquellos momentos comenzaba a bosquejarse, la posmodernidad. Una de las caracter\u00edsticas de esta \u00e9poca era la increencia en las ideolog\u00edas como cuerpos te\u00f3ricos que propon\u00edan dar una explicaci\u00f3n completa de la realidad. La ca\u00edda del muro de Berl\u00edn en 1989, confirmaba la caducidad de estas construcciones te\u00f3ricas. Todo quedaba en manos de la interpretaci\u00f3n de cada persona y en la potencia del presente como \u00fanica dimensi\u00f3n temporal, entre otros factores.<\/p>\n\n\n\n<p class=\"wp-block-paragraph\">A varias d\u00e9cadas de distancia respecto a lo que acontec\u00eda en el \u00faltimo cuarto del siglo pasado, seguimos en la pr\u00e1ctica, en casi todos los lugares, confront\u00e1ndonos entre todos por diferencias de ideas. Se supone que ya todos debemos ser tolerantes, incluyentes y amantes de la paz, pero es cuesti\u00f3n de que salga uno de los temas basados en las ideolog\u00edas para que se organice la gresca.&nbsp;<\/p>\n\n\n\n<p class=\"wp-block-paragraph\">A lo mejor las cosas pueden ser m\u00e1s sencillas si atendemos a las necesidades del pueblo, sin m\u00e1s, de los ciudadanos. Que los <em>vientos del pueblo<\/em>, poemario que en 1937 Miguel Hern\u00e1ndez public\u00f3 en mitad de la guerra civil espa\u00f1ola, sean los \u00fanicos que importen y nos gu\u00eden, sin fijarnos a la derecha o a la izquierda, en la direcci\u00f3n que nos permita a todos vivir en paz y felices, sin pelearnos. Y a partir de ah\u00ed, que cada uno piense lo que desee.&nbsp;<\/p>\n","protected":false},"excerpt":{"rendered":"<p>Vientos del pueblo Semanas atr\u00e1s habl\u00e1bamos de la presencia del representante m\u00e1ximo del partido pol\u00edtico de derecha extrema espa\u00f1ol llamado Vox. Ahora aprovecharemos este espacio para comentar la presencia del presidente cubano en M\u00e9xico durante las fiestas patrias.&nbsp; Miguel D\u00edaz-Canel preside el gobierno cubano desde 2019. La elecci\u00f3n no se bas\u00f3 en una elecci\u00f3n democr\u00e1tica [&hellip;]<\/p>\n","protected":false},"author":98,"featured_media":182946,"comment_status":"closed","ping_status":"closed","sticky":false,"template":"","format":"standard","meta":{"footnotes":""},"categories":[1006,42],"tags":[],"class_list":["post-184148","post","type-post","status-publish","format-standard","has-post-thumbnail","hentry","category-dr-jesus-ignacio-panedas-galindo","category-nuestrapalabra"],"_links":{"self":[{"href":"https:\/\/plazajuarez.mx\/historico\/wp-json\/wp\/v2\/posts\/184148","targetHints":{"allow":["GET"]}}],"collection":[{"href":"https:\/\/plazajuarez.mx\/historico\/wp-json\/wp\/v2\/posts"}],"about":[{"href":"https:\/\/plazajuarez.mx\/historico\/wp-json\/wp\/v2\/types\/post"}],"author":[{"embeddable":true,"href":"https:\/\/plazajuarez.mx\/historico\/wp-json\/wp\/v2\/users\/98"}],"replies":[{"embeddable":true,"href":"https:\/\/plazajuarez.mx\/historico\/wp-json\/wp\/v2\/comments?post=184148"}],"version-history":[{"count":0,"href":"https:\/\/plazajuarez.mx\/historico\/wp-json\/wp\/v2\/posts\/184148\/revisions"}],"wp:featuredmedia":[{"embeddable":true,"href":"https:\/\/plazajuarez.mx\/historico\/wp-json\/wp\/v2\/media\/182946"}],"wp:attachment":[{"href":"https:\/\/plazajuarez.mx\/historico\/wp-json\/wp\/v2\/media?parent=184148"}],"wp:term":[{"taxonomy":"category","embeddable":true,"href":"https:\/\/plazajuarez.mx\/historico\/wp-json\/wp\/v2\/categories?post=184148"},{"taxonomy":"post_tag","embeddable":true,"href":"https:\/\/plazajuarez.mx\/historico\/wp-json\/wp\/v2\/tags?post=184148"}],"curies":[{"name":"wp","href":"https:\/\/api.w.org\/{rel}","templated":true}]}}