{"id":184144,"date":"2021-09-28T07:51:10","date_gmt":"2021-09-28T12:51:10","guid":{"rendered":"https:\/\/plazajuarez.mx\/?p=184144"},"modified":"2021-09-28T07:51:19","modified_gmt":"2021-09-28T12:51:19","slug":"entrego-fayad-material-educativo-para-todas-las-regiones","status":"publish","type":"post","link":"https:\/\/plazajuarez.mx\/historico\/entrego-fayad-material-educativo-para-todas-las-regiones\/","title":{"rendered":"Entreg\u00f3 Fayad material educativo para todas las regiones"},"content":{"rendered":"\n<p class=\"wp-block-paragraph\">En gira de trabajo por el municipio de Tula, el gobernador Omar Fayad entreg\u00f3 mobiliario, equipo, material de rehabilitaci\u00f3n y \u00fatiles escolares para beneficio de m\u00e1s de 574 mil estudiantes de educaci\u00f3n b\u00e1sica de todo el estado.<\/p>\n\n\n\n<p class=\"wp-block-paragraph\">\u201cPara arrancar el ciclo 2021-2022 de la mano con los padres de familia estamos entregando a todas las regiones del estado, a todas ya, \u00fatiles escolares, mobiliario y equipo, material de rehabilitaci\u00f3n y papeler\u00eda por m\u00e1s de 236 millones de pesos\u201d.<\/p>\n\n\n\n<p class=\"wp-block-paragraph\">Expuso que instruy\u00f3 al secretario de Educaci\u00f3n, Atilano Rodr\u00edguez P\u00e9rez, apoyar a los centros educativos siniestrados en Tula, \u201cporque habremos de darles todo, no vamos a dejar a las escuelas de la regi\u00f3n que se inundaron solas y a su suerte, vamos a auxiliarlas y les vamos a reponer todo lo que perdieron para que contin\u00faen el proceso de ense\u00f1anza aprendizaje\u201d, enfatiz\u00f3 el mandatario.<\/p>\n\n\n\n<p class=\"wp-block-paragraph\">El gobernador Fayad entreg\u00f3 apoyos a las Telesecundarias 466 de Tula y 630 de Tepetitl\u00e1n; a la Primaria \u201cIgnacio Zaragoza\u201d de Tezontepec de Aldama; el Preescolar \u201cMelchor Ocampo\u201d de Tepeji del R\u00edo; y la Primaria \u201cAdela Velarde\u201d de Atotonilco de Tula. Adem\u00e1s del Preescolar \u201cAdolfo L\u00f3pez Mateos\u201d, \u201cProfa. Ma. Luisa Latour\u201d; Primaria \u201cVenustiano Carranza\u201d; Escuela Secundaria T\u00e9cnica n\u00famero 52, el Centro de Atenci\u00f3n M\u00faltiple n\u00famero 7 y Supervisi\u00f3n 18 de Telesecundarias, instituciones afectadas por las inundaciones.<\/p>\n","protected":false},"excerpt":{"rendered":"<p>En gira de trabajo por el municipio de Tula, el gobernador Omar Fayad entreg\u00f3 mobiliario, equipo, material de rehabilitaci\u00f3n y \u00fatiles escolares para beneficio de m\u00e1s de 574 mil estudiantes de educaci\u00f3n b\u00e1sica de todo el estado. \u201cPara arrancar el ciclo 2021-2022 de la mano con los padres de familia estamos entregando a todas las [&hellip;]<\/p>\n","protected":false},"author":93,"featured_media":184145,"comment_status":"closed","ping_status":"closed","sticky":false,"template":"","format":"standard","meta":{"footnotes":""},"categories":[15,59],"tags":[],"class_list":["post-184144","post","type-post","status-publish","format-standard","has-post-thumbnail","hentry","category-destacadas","category-general"],"_links":{"self":[{"href":"https:\/\/plazajuarez.mx\/historico\/wp-json\/wp\/v2\/posts\/184144","targetHints":{"allow":["GET"]}}],"collection":[{"href":"https:\/\/plazajuarez.mx\/historico\/wp-json\/wp\/v2\/posts"}],"about":[{"href":"https:\/\/plazajuarez.mx\/historico\/wp-json\/wp\/v2\/types\/post"}],"author":[{"embeddable":true,"href":"https:\/\/plazajuarez.mx\/historico\/wp-json\/wp\/v2\/users\/93"}],"replies":[{"embeddable":true,"href":"https:\/\/plazajuarez.mx\/historico\/wp-json\/wp\/v2\/comments?post=184144"}],"version-history":[{"count":0,"href":"https:\/\/plazajuarez.mx\/historico\/wp-json\/wp\/v2\/posts\/184144\/revisions"}],"wp:featuredmedia":[{"embeddable":true,"href":"https:\/\/plazajuarez.mx\/historico\/wp-json\/wp\/v2\/media\/184145"}],"wp:attachment":[{"href":"https:\/\/plazajuarez.mx\/historico\/wp-json\/wp\/v2\/media?parent=184144"}],"wp:term":[{"taxonomy":"category","embeddable":true,"href":"https:\/\/plazajuarez.mx\/historico\/wp-json\/wp\/v2\/categories?post=184144"},{"taxonomy":"post_tag","embeddable":true,"href":"https:\/\/plazajuarez.mx\/historico\/wp-json\/wp\/v2\/tags?post=184144"}],"curies":[{"name":"wp","href":"https:\/\/api.w.org\/{rel}","templated":true}]}}