{"id":184141,"date":"2021-09-28T07:48:37","date_gmt":"2021-09-28T12:48:37","guid":{"rendered":"https:\/\/plazajuarez.mx\/?p=184141"},"modified":"2021-09-28T07:48:51","modified_gmt":"2021-09-28T12:48:51","slug":"alfil-negro-2169","status":"publish","type":"post","link":"https:\/\/plazajuarez.mx\/historico\/alfil-negro-2169\/","title":{"rendered":"ALFIL NEGRO"},"content":{"rendered":"\n<h2 class=\"wp-block-heading\">ANGELA MERKEL Y LA CIENCIA<\/h2>\n\n\n\n<p class=\"wp-block-paragraph\">Angela Merkel deja de ser la canciller de Alemania despu\u00e9s de 16 a\u00f1os en esta responsabilidad, con una aprobaci\u00f3n y apoyo de los alemanes que en su peor momento estuvo en un 70 por ciento y que se mantuvo por mucho tiempo en 90 por ciento, y que mereci\u00f3 que se le calificara como la mujer m\u00e1s poderosa del mundo.<\/p>\n\n\n\n<p class=\"wp-block-paragraph\">\u00bfCu\u00e1l es, o fue su secreto para gobernar a un pa\u00eds tan fuerte como Alemania con tanto apoyo ciudadano?<\/p>\n\n\n\n<p class=\"wp-block-paragraph\">Los analistas de su caso, dicen que entre otras razones, porque siempre le dijo la verdad a la gente hasta el grado de que en el caso del Covid se\u00f1al\u00f3 sin temor, que tomar\u00eda medidas restrictivas porque el contagio y sus efectos podr\u00eda afectar hasta un 70 por ciento de los alemanes, afirmaci\u00f3n que fue aceptada porque quien se los dec\u00eda es doctora en f\u00edsica cu\u00e1ntica, que en el 2006 afirm\u00f3 &#8220;el gobierno Alem\u00e1n reconoce que nuestro futuro estriba en una sociedad basada en el conocimiento y por ello la promoci\u00f3n de la ciencia, la investigaci\u00f3n y la innovaci\u00f3n&#8221;.<\/p>\n\n\n\n<p class=\"wp-block-paragraph\">Y en una nueva oportunidad&nbsp; afirm\u00f3 &#8220;la investigaci\u00f3n y las nuevas tecnolog\u00edas son el principal resorte del dinamismo econ\u00f3mico para aumentar nuestra competitividad y nuestras posibilidades&#8221;.<\/p>\n\n\n\n<p class=\"wp-block-paragraph\">Con una enorme capacidad para escuchar y despu\u00e9s tomar decisiones en el tema de la pandemia, escucho a epidemi\u00f3logos, psic\u00f3logos, especialistas en educaci\u00f3n y en general por un equipo multidisciplinario que le ayudaron a decidir siempre con fundamento en la ciencia y una confianza plena en sus universidades.<\/p>\n\n\n\n<p class=\"wp-block-paragraph\">Los que estudian su vida dicen que sus decisiones tuvieron siempre el consejo de los mejores en sus especialidades ,que sumados a su instinto pol\u00edtico le dieron como resultado un ejercicio del poder con enorme apoyo popular.<\/p>\n\n\n\n<p class=\"wp-block-paragraph\">Los&nbsp; t\u00e9rminos con los que le llamaron describen su estatura pol\u00edtica: &#8220;MERKIAVELISMO&#8221; para definirla como buena estratega para la pol\u00edtica ,por Maquiavelo y &#8220;MUTTI&#8221;, que en el concepto alem\u00e1n es algo as\u00ed como mami, la que protege en esa calidad y resuelve y enfrenta problemas.<\/p>\n\n\n\n<p class=\"wp-block-paragraph\">Ni se diga que se convirti\u00f3 en un s\u00edmbolo para las mujeres y con sobrada raz\u00f3n.<\/p>\n\n\n\n<p class=\"wp-block-paragraph\">Muy comentada y aceptada por casi todo mundo ,su decisi\u00f3n de hacer de la ciencia y la capacitaci\u00f3n un camino para servir a los ciudadanos con medidas&nbsp; racionales y serias.<\/p>\n\n\n\n<p class=\"wp-block-paragraph\">Pero es all\u00e1, aqu\u00ed nuestros cient\u00edficos y universidades tienen problemas.<\/p>\n","protected":false},"excerpt":{"rendered":"<p>ANGELA MERKEL Y LA CIENCIA Angela Merkel deja de ser la canciller de Alemania despu\u00e9s de 16 a\u00f1os en esta responsabilidad, con una aprobaci\u00f3n y apoyo de los alemanes que en su peor momento estuvo en un 70 por ciento y que se mantuvo por mucho tiempo en 90 por ciento, y que mereci\u00f3 que [&hellip;]<\/p>\n","protected":false},"author":83,"featured_media":0,"comment_status":"closed","ping_status":"closed","sticky":false,"template":"","format":"standard","meta":{"footnotes":""},"categories":[48,42],"tags":[],"class_list":["post-184141","post","type-post","status-publish","format-standard","hentry","category-adalberto-peralta","category-nuestrapalabra"],"_links":{"self":[{"href":"https:\/\/plazajuarez.mx\/historico\/wp-json\/wp\/v2\/posts\/184141","targetHints":{"allow":["GET"]}}],"collection":[{"href":"https:\/\/plazajuarez.mx\/historico\/wp-json\/wp\/v2\/posts"}],"about":[{"href":"https:\/\/plazajuarez.mx\/historico\/wp-json\/wp\/v2\/types\/post"}],"author":[{"embeddable":true,"href":"https:\/\/plazajuarez.mx\/historico\/wp-json\/wp\/v2\/users\/83"}],"replies":[{"embeddable":true,"href":"https:\/\/plazajuarez.mx\/historico\/wp-json\/wp\/v2\/comments?post=184141"}],"version-history":[{"count":0,"href":"https:\/\/plazajuarez.mx\/historico\/wp-json\/wp\/v2\/posts\/184141\/revisions"}],"wp:attachment":[{"href":"https:\/\/plazajuarez.mx\/historico\/wp-json\/wp\/v2\/media?parent=184141"}],"wp:term":[{"taxonomy":"category","embeddable":true,"href":"https:\/\/plazajuarez.mx\/historico\/wp-json\/wp\/v2\/categories?post=184141"},{"taxonomy":"post_tag","embeddable":true,"href":"https:\/\/plazajuarez.mx\/historico\/wp-json\/wp\/v2\/tags?post=184141"}],"curies":[{"name":"wp","href":"https:\/\/api.w.org\/{rel}","templated":true}]}}