{"id":184139,"date":"2021-09-28T07:47:01","date_gmt":"2021-09-28T12:47:01","guid":{"rendered":"https:\/\/plazajuarez.mx\/?p=184139"},"modified":"2021-09-28T07:47:13","modified_gmt":"2021-09-28T12:47:13","slug":"laguna-de-voces-763","status":"publish","type":"post","link":"https:\/\/plazajuarez.mx\/historico\/laguna-de-voces-763\/","title":{"rendered":"LAGUNA DE VOCES"},"content":{"rendered":"\n<p class=\"wp-block-paragraph\">\u201c\u00a1Todos somos AMLO!\u201d, parece ser el nuevo grito de guerra en todo el pa\u00eds. Y no, no es con el af\u00e1n de manifestar solidaridad con el presidente, sino anunciar que de ahora en adelante sus estrategias en asuntos de campa\u00f1a o pre-pre-campa\u00f1a ser\u00e1n imitadas porque aseguran triunfos. Poco importa si se cae en el riesgo tantas veces advertido por el poeta Octavio Paz, cuando se\u00f1alaba que de la violencia verbal es muy f\u00e1cil pasar a la de tipo f\u00edsico, al conflicto.<\/p>\n\n\n\n<p class=\"wp-block-paragraph\">Lo fundamental es, de ahora en adelante, probar ante el pueblo, ese pueblo bueno y generoso que solo existe cuando as\u00ed conviene, que se har\u00e1 todo, se retar\u00e1 a todos, se buscar\u00e1 pelea con todos, por el amor absoluto, gigantesco, ferviente que se le tiene a un personaje sin rostro, sin identidad cierta, pero que siempre puede responder cuando se le invoca como pueblo.<\/p>\n\n\n\n<p class=\"wp-block-paragraph\">Porque nada tan exitoso en estos menesteres que el personaje, que, con nombre y apellido, de pronto deja de ser \u00e9l para transformarse en el pueblo, para adelantar que de ahora en adelante ha dejado de pertenecerse porque le pertenece al pueblo, al pueblo, al pueblo.<\/p>\n\n\n\n<p class=\"wp-block-paragraph\">Polarizar a una sociedad, dividirlos entre buenos y malos, llevar a su m\u00e1ximo expresi\u00f3n el manique\u00edsmo es lo de hoy, el camino del triunfo, el rostro que todos aplauden de una democracia que ya no ser\u00e1 la soberan\u00eda del pueblo sino su divisi\u00f3n, su recalcitrante conformaci\u00f3n sin t\u00e9rminos medios entre los que est\u00e1n con el r\u00edo de Mes\u00edas que surgen, o en su contra.<\/p>\n\n\n\n<p class=\"wp-block-paragraph\">La guerra de baja intensidad, pero guerra al fin, es el esquema de trabajo que hoy por hoy aconsejan todos los asesores en materia pol\u00edtica, y entre m\u00e1s agresivo y retador sea el mensaje del que sigue estas consejer\u00edas, m\u00e1s cerca estar\u00e1 de la victoria. Victoria a costa de lo que sea y de quien sea, que ya habr\u00e1 tiempo despu\u00e9s para reconstruir lo que se caiga en esta etapa.<\/p>\n\n\n\n<p class=\"wp-block-paragraph\">Por todo lo anterior como nunca cobra vigencia el pensamiento del poeta Javier Sicilia, quien destacaba que siempre le sorprender\u00e1 el hablar de los sicarios que al ser interrogados cuando de casualidad son detenidos, son incapaces de hilar una oraci\u00f3n sin una retah\u00edla de groser\u00edas, en que se incluye mentadas de madre al por mayor.<\/p>\n\n\n\n<p class=\"wp-block-paragraph\">&#8220;Se puede matar, destazar, desaparecer gente. Esto, que pasa a diario, muestra que la repercusi\u00f3n de la crisis de la palabra es grav\u00edsima: ya no podemos entender la sacralidad de la vida. La destrucci\u00f3n del lenguaje que est\u00e1n generando los medios de comunicaci\u00f3n y las redes sociales es degradante. En Internet est\u00e1n en el mismo rango un fil\u00f3sofo de la altura de Hegel y el \u00faltimo sitio pornogr\u00e1fico. Es la destrucci\u00f3n de \u00f3rdenes jer\u00e1rquicos de sentido&#8221;, dice el poeta.<\/p>\n\n\n\n<p class=\"wp-block-paragraph\">Es cierto, la crisis de la palabra es grav\u00edsima, y la rescatamos, o estaremos perdidos para siempre, sobre todo en estos tiempos en que puede popularizarse la idea de que finalmente tuvo raz\u00f3n el que asegur\u00f3 es una p\u00e9rdida discutir un problema, si se puede arreglar a madrazos.<\/p>\n\n\n\n<p class=\"wp-block-paragraph\"><strong>Mil gracias, hasta ma\u00f1ana.<\/strong><\/p>\n\n\n\n<p class=\"wp-block-paragraph\"><a href=\"mailto:jeperalta@plazajuarez.mx\/historico\/historico\">jeperalta@plazajuarez.mx\/historico\/historico<\/a><\/p>\n\n\n\n<p class=\"wp-block-paragraph\">@JavierEPeralta<\/p>\n","protected":false},"excerpt":{"rendered":"<p>\u201c\u00a1Todos somos AMLO!\u201d, parece ser el nuevo grito de guerra en todo el pa\u00eds. Y no, no es con el af\u00e1n de manifestar solidaridad con el presidente, sino anunciar que de ahora en adelante sus estrategias en asuntos de campa\u00f1a o pre-pre-campa\u00f1a ser\u00e1n imitadas porque aseguran triunfos. Poco importa si se cae en el riesgo [&hellip;]<\/p>\n","protected":false},"author":10,"featured_media":182952,"comment_status":"closed","ping_status":"closed","sticky":false,"template":"","format":"standard","meta":{"footnotes":""},"categories":[49,42],"tags":[],"class_list":["post-184139","post","type-post","status-publish","format-standard","has-post-thumbnail","hentry","category-javier-peralta","category-nuestrapalabra"],"_links":{"self":[{"href":"https:\/\/plazajuarez.mx\/historico\/wp-json\/wp\/v2\/posts\/184139","targetHints":{"allow":["GET"]}}],"collection":[{"href":"https:\/\/plazajuarez.mx\/historico\/wp-json\/wp\/v2\/posts"}],"about":[{"href":"https:\/\/plazajuarez.mx\/historico\/wp-json\/wp\/v2\/types\/post"}],"author":[{"embeddable":true,"href":"https:\/\/plazajuarez.mx\/historico\/wp-json\/wp\/v2\/users\/10"}],"replies":[{"embeddable":true,"href":"https:\/\/plazajuarez.mx\/historico\/wp-json\/wp\/v2\/comments?post=184139"}],"version-history":[{"count":0,"href":"https:\/\/plazajuarez.mx\/historico\/wp-json\/wp\/v2\/posts\/184139\/revisions"}],"wp:featuredmedia":[{"embeddable":true,"href":"https:\/\/plazajuarez.mx\/historico\/wp-json\/wp\/v2\/media\/182952"}],"wp:attachment":[{"href":"https:\/\/plazajuarez.mx\/historico\/wp-json\/wp\/v2\/media?parent=184139"}],"wp:term":[{"taxonomy":"category","embeddable":true,"href":"https:\/\/plazajuarez.mx\/historico\/wp-json\/wp\/v2\/categories?post=184139"},{"taxonomy":"post_tag","embeddable":true,"href":"https:\/\/plazajuarez.mx\/historico\/wp-json\/wp\/v2\/tags?post=184139"}],"curies":[{"name":"wp","href":"https:\/\/api.w.org\/{rel}","templated":true}]}}