{"id":184136,"date":"2021-09-28T07:44:40","date_gmt":"2021-09-28T12:44:40","guid":{"rendered":"https:\/\/plazajuarez.mx\/?p=184136"},"modified":"2021-09-28T07:45:18","modified_gmt":"2021-09-28T12:45:18","slug":"dese-por-enterado-917","status":"publish","type":"post","link":"https:\/\/plazajuarez.mx\/historico\/dese-por-enterado-917\/","title":{"rendered":"DESE POR ENTERADO"},"content":{"rendered":"\n<p class=\"wp-block-paragraph\"><strong>EN MORENA, REGRESAN LAS AGUAS A SU CAUCE.<\/strong> &#8211; Todo parece indicar que en el partido del presidente L\u00f3pez Obrador, ya se tom\u00f3 la decisi\u00f3n sobre qui\u00e9n ser\u00e1 su candidato a la gubernatura de Hidalgo. Ser\u00e1 el Senador Julio Menchaca Salazar, esto luego de que una encuesta real, no las \u201cpatito\u201d (que de pronto aparecieron al por mayor), se mantiene en primer lugar con una ventaja muy holgada respeto a su m\u00e1s cercano seguidor que resulta que s\u00ed es el ex cantante Francisco Xavier, pero al que ya se le acab\u00f3 el tiempo para intentar hacer algo y alcanzar al jurista hidalguense. Es tan real lo que le anoto que ya se registr\u00f3 un primer round de sombra con el alcalde Mineral de la Reforma, Israel F\u00e9lix, quien revel\u00f3 que efectivamente el aspirante a vencer es Menchaca, por dedicarle tantos adjetivos en un evento reciente.<\/p>\n\n\n\n<p class=\"wp-block-paragraph\">***<\/p>\n\n\n\n<p class=\"wp-block-paragraph\"><strong>O LE BAJAN DOS RAYITAS, O PRE-PRE CAMPA\u00d1AS SE COMPLICAN. &#8211;<\/strong> No, a nadie, o a muy pocos les pareci\u00f3 sano el estilo pugil\u00edstico que algunos, o alguno, de los aspirantes a ser candidatos al gobierno de la entidad, decidieron utilizar. Si as\u00ed van a estar, de plano los posibles votantes van a voltear para otra parte, donde cuando menos les ofrezcan una explicaci\u00f3n de lo que proponen. Porque, adem\u00e1s de que ciertamente el ciudadano est\u00e1 \u201chasta su madrecita\u201d de los partidos, tambi\u00e9n lo est\u00e1 de este machac\u00f3n discurso de estos tiempos, en el que todo se achaca al pasado, pero eso s\u00ed, prometen que con ellos el universo mismo nace. O le bajan, en serio, o van a complicar todo.<\/p>\n\n\n\n<p class=\"wp-block-paragraph\">***<\/p>\n\n\n\n<p class=\"wp-block-paragraph\"><strong>\u00bfCANDIDATOS PARA FEBRERO DEL 2022? &#8211;<\/strong> Todos andan apurados por ganar candidaturas en estos d\u00edas, como si fuera asunto de que apenas empiece octubre cada partido pol\u00edtico deber\u00e1 anunciar que ya hay humo blanco. Sin embargo, no es as\u00ed. Tendr\u00e1n que pasar las fiestas navide\u00f1as y de fin de a\u00f1o, para que, a partir de enero del 2022, y en t\u00e9rminos reales, se anuncia que, ah\u00ed s\u00ed, ya tienen humo blanco. Pero por lo mientras, ya nadie detiene a los que dan por hecho que es cuesti\u00f3n de horas para que se tome la decisi\u00f3n. Pues mejor que esperen sentados porque esto va para largo.<\/p>\n\n\n\n<p class=\"wp-block-paragraph\">***<\/p>\n\n\n\n<p class=\"wp-block-paragraph\"><strong>VIENEN OBRAS IMPORTANTES PARA HIDALGO. &#8211; <\/strong>En lo que ya es el cierre de la administraci\u00f3n del gobernador Omar Fayad, est\u00e1n por anunciarse obras fundamentales para los hidalguenses. Se trata de nuevas empresas que llegar\u00e1n en los pr\u00f3ximos meses, as\u00ed como otras relacionadas con el sector salud. Bien que as\u00ed sea la culminaci\u00f3n de un sexenio.<\/p>\n\n\n\n<p class=\"wp-block-paragraph\">***<\/p>\n\n\n\n<p class=\"wp-block-paragraph\"><strong>Aviso para que no digan: Esta columna se nutre de comentarios recabados por agencias del Recontra-Espionaje, muy similares a las que populariz\u00f3 el \u201cS\u00faper Agente 86\u201d en sus tiempos. Como tal lo que publicamos puede que sea cierto, puede que no, o todo lo contrario. Est\u00e1 usted en libertad de creer o no lo que lee, recontra-enojarse, recontra- carcajearse y hasta recontra-recordarnos a nuestra jefecita (nosotros recontra-haremos lo propio). Avisado est\u00e1 usted.&nbsp;<\/strong><\/p>\n\n\n\n<p class=\"wp-block-paragraph\"><strong>desexenterado@gmail.com @desexenterado&nbsp;<\/strong><\/p>\n","protected":false},"excerpt":{"rendered":"<p>EN MORENA, REGRESAN LAS AGUAS A SU CAUCE. &#8211; Todo parece indicar que en el partido del presidente L\u00f3pez Obrador, ya se tom\u00f3 la decisi\u00f3n sobre qui\u00e9n ser\u00e1 su candidato a la gubernatura de Hidalgo. Ser\u00e1 el Senador Julio Menchaca Salazar, esto luego de que una encuesta real, no las \u201cpatito\u201d (que de pronto aparecieron [&hellip;]<\/p>\n","protected":false},"author":93,"featured_media":182945,"comment_status":"closed","ping_status":"closed","sticky":false,"template":"","format":"standard","meta":{"footnotes":""},"categories":[83],"tags":[],"class_list":["post-184136","post","type-post","status-publish","format-standard","has-post-thumbnail","hentry","category-dese-por-enterado"],"_links":{"self":[{"href":"https:\/\/plazajuarez.mx\/historico\/wp-json\/wp\/v2\/posts\/184136","targetHints":{"allow":["GET"]}}],"collection":[{"href":"https:\/\/plazajuarez.mx\/historico\/wp-json\/wp\/v2\/posts"}],"about":[{"href":"https:\/\/plazajuarez.mx\/historico\/wp-json\/wp\/v2\/types\/post"}],"author":[{"embeddable":true,"href":"https:\/\/plazajuarez.mx\/historico\/wp-json\/wp\/v2\/users\/93"}],"replies":[{"embeddable":true,"href":"https:\/\/plazajuarez.mx\/historico\/wp-json\/wp\/v2\/comments?post=184136"}],"version-history":[{"count":0,"href":"https:\/\/plazajuarez.mx\/historico\/wp-json\/wp\/v2\/posts\/184136\/revisions"}],"wp:featuredmedia":[{"embeddable":true,"href":"https:\/\/plazajuarez.mx\/historico\/wp-json\/wp\/v2\/media\/182945"}],"wp:attachment":[{"href":"https:\/\/plazajuarez.mx\/historico\/wp-json\/wp\/v2\/media?parent=184136"}],"wp:term":[{"taxonomy":"category","embeddable":true,"href":"https:\/\/plazajuarez.mx\/historico\/wp-json\/wp\/v2\/categories?post=184136"},{"taxonomy":"post_tag","embeddable":true,"href":"https:\/\/plazajuarez.mx\/historico\/wp-json\/wp\/v2\/tags?post=184136"}],"curies":[{"name":"wp","href":"https:\/\/api.w.org\/{rel}","templated":true}]}}