{"id":184128,"date":"2021-09-27T19:18:49","date_gmt":"2021-09-28T00:18:49","guid":{"rendered":"https:\/\/plazajuarez.mx\/?p=184128"},"modified":"2021-09-27T19:19:00","modified_gmt":"2021-09-28T00:19:00","slug":"mexico-celebra-independencia-con-exhibicion-sobre-su-grandeza-prehispanica-2","status":"publish","type":"post","link":"https:\/\/plazajuarez.mx\/historico\/mexico-celebra-independencia-con-exhibicion-sobre-su-grandeza-prehispanica-2\/","title":{"rendered":"M\u00e9xico celebra independencia con exhibici\u00f3n sobre su &#8220;grandeza&#8221; prehisp\u00e1nica"},"content":{"rendered":"\n<p class=\"wp-block-paragraph\">(EFE) El Gobierno de M\u00e9xico inaugur\u00f3 este lunes una exposici\u00f3n en el Museo Nacional de Antropolog\u00eda sobre la &#8220;grandeza de M\u00e9xico&#8221; que re\u00fane piezas arqueol\u00f3gicas y c\u00f3dices regresados al pa\u00eds desde otras naciones y busca revalorizar la cultura prehisp\u00e1nica.<\/p>\n\n\n\n<p class=\"wp-block-paragraph\">&#8220;Hoy es un d\u00eda muy especial, hoy conmemoramos 200 a\u00f1os de nuestra independencia, hoy 27 de septiembre. Va a ser un d\u00eda de conmemoraciones, de exposiciones sobre la grandeza de M\u00e9xico&#8221;, dijo el presidente, Andr\u00e9s Manuel L\u00f3pez Obrador, durante su conferencia de prensa desde Palacio Nacional.<\/p>\n\n\n\n<p class=\"wp-block-paragraph\">&#8220;La Grandeza de M\u00e9xico&#8221;, explic\u00f3 la secretaria de Cultura, Alejandra Frausto, es una magna exposici\u00f3n donde se podr\u00e1n admirar m\u00e1s de 1.500 piezas.<\/p>\n\n\n\n<p class=\"wp-block-paragraph\">&#8220;De las cuales m\u00e1s de 900 son vistas por primera vez, provenientes del extranjero en traslados temporales o de bodegas de resguardos y decomisos&#8221;, puntualiz\u00f3 la ministra de Cultura.<\/p>\n\n\n\n<p class=\"wp-block-paragraph\">Dicha exposici\u00f3n de piezas de las culturas maya, tolteca, teotihuacana, azteca y mixteca, se llevar\u00e1 a cabo en dos sedes: en el Sal\u00f3n Iberoamericano de la Secretar\u00eda de Educaci\u00f3n P\u00fablica (SEP) -donde se exponen 1.145 piezas, y en el Museo Nacional de Antropolog\u00eda, donde se exhiben 380 piezas.<\/p>\n\n\n\n<p class=\"wp-block-paragraph\">Diego Prieto Hern\u00e1ndez, director general del Instituto Nacional de Antropolog\u00eda e Historia (INAH), explic\u00f3 que entre los objetos se encuentran 264 piezas nacionales, 879 repatriaciones provenientes de cinco pa\u00edses -de las m\u00e1s de 1.500 que se han obtenido en los \u00faltimos tres a\u00f1os-, as\u00ed como dos pr\u00e9stamos de obra art\u00edstica.<\/p>\n\n\n\n<p class=\"wp-block-paragraph\">Baltazar Brito, director de la Biblioteca Nacional de Antropolog\u00eda e Historia y curador de la muestra, detall\u00f3 que la exposici\u00f3n recorre escenas de la vida cotidiana a lo largo de los siglos y aunque es un periodo amplio busca ser &#8220;un espejo en el que podamos ver nuestro pasado todos los mexicanos&#8221;<\/p>\n\n\n\n<p class=\"wp-block-paragraph\">La exposici\u00f3n -que se podr\u00e1 visitar en ambas sedes hasta abril de 2022- abarca cuatro ejes: territorio, espiritualidad, individuo y simbolismo.<\/p>\n\n\n\n<p class=\"wp-block-paragraph\">RECUPERAN PATRIMONIO<\/p>\n\n\n\n<p class=\"wp-block-paragraph\">Las autoridades mexicanas recalcaron que el Gobierno actual ha trabajado en la recuperaci\u00f3n del patrimonio que est\u00e1 en el extranjero.<\/p>\n\n\n\n<p class=\"wp-block-paragraph\">En ese sentido, Frausto resalt\u00f3 que en lo que va del presente Gobierno se han repatriado 5.746 bienes, la gran mayor\u00eda de ellos siendo piezas arqueol\u00f3gicas.<\/p>\n\n\n\n<p class=\"wp-block-paragraph\">Record\u00f3 que tan solo el pasado 16 de septiembre Italia inform\u00f3 a las autoridades mexicanas que se logr\u00f3 detener una subasta de 17 piezas arqueol\u00f3gicas mexicanas y aunque ocho piezas ya se hab\u00edan subastado, fueron incautadas y est\u00e1n en proceso de repatriaci\u00f3n al pa\u00eds, lo cual calific\u00f3 como un acto sin precedentes.<\/p>\n\n\n\n<p class=\"wp-block-paragraph\">Recalc\u00f3 que para ello fue crucial la participaci\u00f3n de la unidad de Carabineros para la Protecci\u00f3n del Patrimonio Cultural de Italia, y a cuyo comandante, Roberto Riccardi, se le otorg\u00f3 este lunes la condecoraci\u00f3n de la Orden Mexicana del \u00c1guila Azteca.<\/p>\n\n\n\n<p class=\"wp-block-paragraph\">Con su ayuda, precis\u00f3, se han repatriado 633 piezas.<\/p>\n\n\n\n<p class=\"wp-block-paragraph\">&#8220;El patrimonio no se vende, se ama y se defiende&#8221;, subray\u00f3.<\/p>\n\n\n\n<p class=\"wp-block-paragraph\">Durante la inauguraci\u00f3n de la exposici\u00f3n en el INAH, L\u00f3pez Obrador agradeci\u00f3 a los pueblos y asociaciones que conservaron los archivos hist\u00f3ricos y la memoria de M\u00e9xico y por prestar piezas, c\u00f3dices y documentos para la exposici\u00f3n.<\/p>\n\n\n\n<p class=\"wp-block-paragraph\">Tambi\u00e9n expres\u00f3 su gratitud a Estados Unidos, al Vaticano y, especialmente, a Italia, quienes, dijo, &#8220;nos entregaron piezas como nunca se hab\u00eda hecho en la historia&#8221;.<\/p>\n\n\n\n<p class=\"wp-block-paragraph\">Resalt\u00f3 que el Gobierno de Italia es un ejemplo extraordinario en lo que confiere a la recuperaci\u00f3n de piezas arqueol\u00f3gicas robadas y asegur\u00f3 que &#8220;vamos a seguir el ejemplo de Italia&#8221;.<\/p>\n\n\n\n<p class=\"wp-block-paragraph\">Por ello, ha dado la instrucci\u00f3n para que la Guardia Nacional constituya un equipo especial para lograr recuperar piezas.<\/p>\n\n\n\n<p class=\"wp-block-paragraph\">PRESENTAN MONEDAS Y REPRESENTACI\u00d3N<\/p>\n\n\n\n<p class=\"wp-block-paragraph\">Como parte de estos actos se presentaron monedas conmemorativas en las que se hace alusi\u00f3n a los 700 a\u00f1os de la fundaci\u00f3n de la ciudad de M\u00e9xico-Tenochtitlan; a los 500 a\u00f1os de la conquista de Hern\u00e1n Cort\u00e9s, un efem\u00e9ride ahora rebautizada como &#8220;resistencia ind\u00edgena&#8221;, y al bicentenario de la consumaci\u00f3n de la independencia del pa\u00eds.<\/p>\n\n\n\n<p class=\"wp-block-paragraph\">Por su parte, Luis Cresencio Sandoval, secretario de la Defensa Nacional, indic\u00f3 que esta noche se realizar\u00e1 una representaci\u00f3n hist\u00f3rica sobre los siete pasajes que llevaron a la consumaci\u00f3n de la independencia el 27 de septiembre de 1821.<\/p>\n","protected":false},"excerpt":{"rendered":"<p>(EFE) El Gobierno de M\u00e9xico inaugur\u00f3 este lunes una exposici\u00f3n en el Museo Nacional de Antropolog\u00eda sobre la &#8220;grandeza de M\u00e9xico&#8221; que re\u00fane piezas arqueol\u00f3gicas y c\u00f3dices regresados al pa\u00eds desde otras naciones y busca revalorizar la cultura prehisp\u00e1nica. &#8220;Hoy es un d\u00eda muy especial, hoy conmemoramos 200 a\u00f1os de nuestra independencia, hoy 27 de [&hellip;]<\/p>\n","protected":false},"author":80,"featured_media":184129,"comment_status":"closed","ping_status":"closed","sticky":false,"template":"","format":"standard","meta":{"footnotes":""},"categories":[41,15],"tags":[],"class_list":["post-184128","post","type-post","status-publish","format-standard","has-post-thumbnail","hentry","category-arteria-cultural","category-destacadas"],"_links":{"self":[{"href":"https:\/\/plazajuarez.mx\/historico\/wp-json\/wp\/v2\/posts\/184128","targetHints":{"allow":["GET"]}}],"collection":[{"href":"https:\/\/plazajuarez.mx\/historico\/wp-json\/wp\/v2\/posts"}],"about":[{"href":"https:\/\/plazajuarez.mx\/historico\/wp-json\/wp\/v2\/types\/post"}],"author":[{"embeddable":true,"href":"https:\/\/plazajuarez.mx\/historico\/wp-json\/wp\/v2\/users\/80"}],"replies":[{"embeddable":true,"href":"https:\/\/plazajuarez.mx\/historico\/wp-json\/wp\/v2\/comments?post=184128"}],"version-history":[{"count":0,"href":"https:\/\/plazajuarez.mx\/historico\/wp-json\/wp\/v2\/posts\/184128\/revisions"}],"wp:featuredmedia":[{"embeddable":true,"href":"https:\/\/plazajuarez.mx\/historico\/wp-json\/wp\/v2\/media\/184129"}],"wp:attachment":[{"href":"https:\/\/plazajuarez.mx\/historico\/wp-json\/wp\/v2\/media?parent=184128"}],"wp:term":[{"taxonomy":"category","embeddable":true,"href":"https:\/\/plazajuarez.mx\/historico\/wp-json\/wp\/v2\/categories?post=184128"},{"taxonomy":"post_tag","embeddable":true,"href":"https:\/\/plazajuarez.mx\/historico\/wp-json\/wp\/v2\/tags?post=184128"}],"curies":[{"name":"wp","href":"https:\/\/api.w.org\/{rel}","templated":true}]}}