{"id":183892,"date":"2021-09-26T09:55:44","date_gmt":"2021-09-26T14:55:44","guid":{"rendered":"https:\/\/plazajuarez.mx\/?p=183892"},"modified":"2021-09-26T09:56:02","modified_gmt":"2021-09-26T14:56:02","slug":"es-reprobable-la-agresion-a-regidores-senala-pablo-vargas","status":"publish","type":"post","link":"https:\/\/plazajuarez.mx\/historico\/es-reprobable-la-agresion-a-regidores-senala-pablo-vargas\/","title":{"rendered":"Es reprobable la agresi\u00f3n a regidores, se\u00f1ala Pablo Vargas"},"content":{"rendered":"\n<p><strong>Tepeapulco.-<\/strong> \u201cEs\u00a0 reprobable la agresi\u00f3n que sufrieron los dos integrantes de la Asamblea Municipal a manos de funcionarios municipales\u201d, se\u00f1al\u00f3 Pablo Vargas Gonz\u00e1lez, representante del Comit\u00e9 Estatal de Defensa de la 4T.<\/p>\n\n\n\n<p>Durante una visita a una de las oficinas de Morena, en Ciudad Sahag\u00fan, expres\u00f3 que se debe exigir respeto a la integridad f\u00edsica de los ediles de Tepeapulco, Mar\u00eda Guadalupe Miranda Pallares y Marcelino P\u00e9rez Ram\u00edrez, ambos integrantes de Morena, y que se respete la libertad de expresi\u00f3n, \u201clas agresiones de la autoridad son delitos y violaciones a derechos humanos\u201d.<\/p>\n\n\n\n<p>Pablo Vargas&nbsp; indic\u00f3 que estas actitudes \u201cde viles porros\u201d no se deben dar en un acto de este tipo y que estas agresiones deben ser castigar conforme a derecho, ya que estos actos de barbarie no van de acorde a los principios ni a los estatutos que marca Morena.<\/p>\n\n\n\n<p>Adem\u00e1s de que se debe actuar y hacer las denuncias respectivas, tanto penales como ante la defensor\u00eda de los Derechos Humanos, para que ellos sean los que determinen las sanciones \u201ca quienes se vieron involucrados en estos desfiguros\u201d.<\/p>\n\n\n\n<p>Vargas Gonz\u00e1lez calific\u00f3 que estos actos perjudican al municipio y su imagen, al que se le ve como un lugar sin ley.<\/p>\n\n\n\n<p>Reiter\u00f3 que los dos regidores, como integrantes del Cabildo, ten\u00edan el derecho de expresarse, y sufrieron \u201cla agresi\u00f3n m\u00e1s artera, baja y vil, la cual no se daba en mucho tiempo en los municipios de Hidalgo y del pa\u00eds, lo que demuestra una falta total de sensibilidad pol\u00edtica\u201d.<\/p>\n","protected":false},"excerpt":{"rendered":"<p>Tepeapulco.- \u201cEs\u00a0 reprobable la agresi\u00f3n que sufrieron los dos integrantes de la Asamblea Municipal a manos de funcionarios municipales\u201d, se\u00f1al\u00f3 Pablo Vargas Gonz\u00e1lez, representante del Comit\u00e9 Estatal de Defensa de la 4T. Durante una visita a una de las oficinas de Morena, en Ciudad Sahag\u00fan, expres\u00f3 que se debe exigir respeto a la integridad f\u00edsica [&hellip;]<\/p>\n","protected":false},"author":69,"featured_media":183893,"comment_status":"closed","ping_status":"closed","sticky":false,"template":"","format":"standard","meta":{"footnotes":""},"categories":[40],"tags":[],"class_list":["post-183892","post","type-post","status-publish","format-standard","has-post-thumbnail","hentry","category-region"],"_links":{"self":[{"href":"https:\/\/plazajuarez.mx\/historico\/wp-json\/wp\/v2\/posts\/183892","targetHints":{"allow":["GET"]}}],"collection":[{"href":"https:\/\/plazajuarez.mx\/historico\/wp-json\/wp\/v2\/posts"}],"about":[{"href":"https:\/\/plazajuarez.mx\/historico\/wp-json\/wp\/v2\/types\/post"}],"author":[{"embeddable":true,"href":"https:\/\/plazajuarez.mx\/historico\/wp-json\/wp\/v2\/users\/69"}],"replies":[{"embeddable":true,"href":"https:\/\/plazajuarez.mx\/historico\/wp-json\/wp\/v2\/comments?post=183892"}],"version-history":[{"count":0,"href":"https:\/\/plazajuarez.mx\/historico\/wp-json\/wp\/v2\/posts\/183892\/revisions"}],"wp:featuredmedia":[{"embeddable":true,"href":"https:\/\/plazajuarez.mx\/historico\/wp-json\/wp\/v2\/media\/183893"}],"wp:attachment":[{"href":"https:\/\/plazajuarez.mx\/historico\/wp-json\/wp\/v2\/media?parent=183892"}],"wp:term":[{"taxonomy":"category","embeddable":true,"href":"https:\/\/plazajuarez.mx\/historico\/wp-json\/wp\/v2\/categories?post=183892"},{"taxonomy":"post_tag","embeddable":true,"href":"https:\/\/plazajuarez.mx\/historico\/wp-json\/wp\/v2\/tags?post=183892"}],"curies":[{"name":"wp","href":"https:\/\/api.w.org\/{rel}","templated":true}]}}