{"id":1838,"date":"2015-03-06T06:00:00","date_gmt":"2015-03-06T06:00:00","guid":{"rendered":"http:\/\/plazajuarez.mx\/index\/index.php\/2015\/03\/06\/nueva-renuncia-se-les-sigue-desmoronando-el-prd-a-los-chuchos\/"},"modified":"2015-03-06T06:00:00","modified_gmt":"2015-03-06T06:00:00","slug":"nueva-renuncia-se-les-sigue-desmoronando-el-prd-a-los-chuchos","status":"publish","type":"post","link":"https:\/\/plazajuarez.mx\/historico\/nueva-renuncia-se-les-sigue-desmoronando-el-prd-a-los-chuchos\/","title":{"rendered":"Nueva renuncia, se les sigue desmoronando el PRD a los Chuchos"},"content":{"rendered":"<p>BAJO RESERVA EXPR\u00c9S<\/p>\n<p>  <!--more-->  <\/p>\n<p>\u00a0<\/p>\n<p>El partido se les sigue desmoronando a los Chuchos. <br \/>La diputada federal Mal\u00fa Micher, presidenta de la Comisi\u00f3n de Equidad y G\u00e9nero de la C\u00e1mara de Diputados, decidi\u00f3 abandonar las filas del Partido de la Revoluci\u00f3n Democr\u00e1tica, al cual pertenece desde su fundaci\u00f3n. <br \/>Nos dicen que do\u00f1a Mal\u00fa, perteneciente al grupo pol\u00edtico del ex jefe de gobierno capitalino, Marcelo Ebrard, presentar\u00e1 a la dirigencia nacional su renuncia ya que no est\u00e1 de acuerdo con el rumbo y las decisiones que est\u00e1 tomando la corriente de los Chuchos que domina al partido, que preside Carlos Navarrete. <br \/>La legisladora ha tomado ya su decisi\u00f3n y presentar\u00e1 su carta de renuncia al partido en un mes pues necesita tiempo para entregar en orden los asuntos de la comisi\u00f3n que preside en San L\u00e1zaro. <br \/>Nos hacen ver que Micher se convierte en la baja n\u00famero 32 de la gesti\u00f3n de Navarrete, que lleva cinco meses al frente del partido. <br \/>\u00bfVendr\u00e1n m\u00e1s?<\/p>\n<p>\u00a0<\/p>\n","protected":false},"excerpt":{"rendered":"<p>BAJO RESERVA EXPR\u00c9S<\/p>\n","protected":false},"author":93,"featured_media":0,"comment_status":"open","ping_status":"open","sticky":false,"template":"","format":"standard","meta":{"footnotes":""},"categories":[42],"tags":[],"class_list":["post-1838","post","type-post","status-publish","format-standard","hentry","category-nuestrapalabra"],"_links":{"self":[{"href":"https:\/\/plazajuarez.mx\/historico\/wp-json\/wp\/v2\/posts\/1838","targetHints":{"allow":["GET"]}}],"collection":[{"href":"https:\/\/plazajuarez.mx\/historico\/wp-json\/wp\/v2\/posts"}],"about":[{"href":"https:\/\/plazajuarez.mx\/historico\/wp-json\/wp\/v2\/types\/post"}],"author":[{"embeddable":true,"href":"https:\/\/plazajuarez.mx\/historico\/wp-json\/wp\/v2\/users\/93"}],"replies":[{"embeddable":true,"href":"https:\/\/plazajuarez.mx\/historico\/wp-json\/wp\/v2\/comments?post=1838"}],"version-history":[{"count":0,"href":"https:\/\/plazajuarez.mx\/historico\/wp-json\/wp\/v2\/posts\/1838\/revisions"}],"wp:attachment":[{"href":"https:\/\/plazajuarez.mx\/historico\/wp-json\/wp\/v2\/media?parent=1838"}],"wp:term":[{"taxonomy":"category","embeddable":true,"href":"https:\/\/plazajuarez.mx\/historico\/wp-json\/wp\/v2\/categories?post=1838"},{"taxonomy":"post_tag","embeddable":true,"href":"https:\/\/plazajuarez.mx\/historico\/wp-json\/wp\/v2\/tags?post=1838"}],"curies":[{"name":"wp","href":"https:\/\/api.w.org\/{rel}","templated":true}]}}