{"id":183309,"date":"2021-09-22T17:01:51","date_gmt":"2021-09-22T22:01:51","guid":{"rendered":"https:\/\/plazajuarez.mx\/?p=183309"},"modified":"2021-09-22T17:02:04","modified_gmt":"2021-09-22T22:02:04","slug":"mexico-extradita-a-chile-a-exguerrillero-por-asesinato-de-senador","status":"publish","type":"post","link":"https:\/\/plazajuarez.mx\/historico\/mexico-extradita-a-chile-a-exguerrillero-por-asesinato-de-senador\/","title":{"rendered":"M\u00e9xico extradita a Chile a exguerrillero por asesinato de senador"},"content":{"rendered":"\n<p>M\u00e9xico extradit\u00f3 este mi\u00e9rcoles a Chile al exguerrillero Ra\u00fal Escobar Poblete, conocido como el comandante Emilio, pr\u00f3fugo tras el asesinato del senador ultraderechista chileno Jaime Guzm\u00e1n en 1991.<\/p>\n\n\n\n<p>Fuentes federales confirmaron a Efe que un avi\u00f3n de las autoridades chilenas parti\u00f3 este mi\u00e9rcoles sobre las 12.00 horas (17.00 GMT) del aeropuerto internacional de la Ciudad de M\u00e9xico en direcci\u00f3n a Chile con Escobar Poblete a bordo.<\/p>\n\n\n\n<p>Posteriormente, la Fiscal\u00eda General de M\u00e9xico inform\u00f3 en un comunicado que el exguerrillero hab\u00eda sido requerido por la Corte de Apelaciones de Santiago &#8220;para ser procesado por su probable responsabilidad del delito de atentado terrorista, con resultado de muerte de un senador de la Rep\u00fablica de Chile&#8221;.<\/p>\n\n\n\n<p>Escobar Poblete fue l\u00edder de una c\u00e9lula del grupo de ultraizquierda Frente Patri\u00f3tico Manuel Rodr\u00edguez (FPMR) y es acusado de ser uno de los asesinos del ultraderechista Guzm\u00e1n, ide\u00f3logo del r\u00e9gimen de Augusto Pinochet (1973-1990) en 1991, durante una \u00e9poca convulsa del retorno a la democracia.<\/p>\n\n\n\n<p>Bajo la identidad falsa de Ram\u00f3n Alberto Guerra Valencia y acompa\u00f1ado de otros compa\u00f1eros del FPMR, el exguerrillero se escondi\u00f3 en San Miguel de Allende (Guanajuato, M\u00e9xico) durante 20 a\u00f1os.<\/p>\n\n\n\n<p>Fue detenido a finales de mayo de 2017 y condenado a 60 a\u00f1os de prisi\u00f3n por un juez mexicano por el secuestro de una ciudadana francoamericana, tras lo cual el Gobierno de Chile solicit\u00f3 su extradici\u00f3n.<\/p>\n\n\n\n<p>Aunque M\u00e9xico se la concedi\u00f3 el 26 de noviembre de 2018, el comandante Emilio batall\u00f3 en los tribunales para no ser enviado de vuelta a su pa\u00eds.<\/p>\n\n\n\n<p>Seg\u00fan la Justicia, el otro autor material del homicidio es Ricardo Palma Salamanca, que reside en Francia con asilo pol\u00edtico otorgado por las autoridades galas, y es considerado uno de los pr\u00f3fugos m\u00e1s buscados de Chile tras huir en 1996 en helic\u00f3ptero de la C\u00e1rcel de Alta Seguridad (CAS) de Santiago.<\/p>\n","protected":false},"excerpt":{"rendered":"<p>M\u00e9xico extradit\u00f3 este mi\u00e9rcoles a Chile al exguerrillero Ra\u00fal Escobar Poblete, conocido como el comandante Emilio, pr\u00f3fugo tras el asesinato del senador ultraderechista chileno Jaime Guzm\u00e1n en 1991. Fuentes federales confirmaron a Efe que un avi\u00f3n de las autoridades chilenas parti\u00f3 este mi\u00e9rcoles sobre las 12.00 horas (17.00 GMT) del aeropuerto internacional de la Ciudad [&hellip;]<\/p>\n","protected":false},"author":80,"featured_media":183310,"comment_status":"closed","ping_status":"closed","sticky":false,"template":"","format":"standard","meta":{"footnotes":""},"categories":[36],"tags":[],"class_list":["post-183309","post","type-post","status-publish","format-standard","has-post-thumbnail","hentry","category-nacion"],"_links":{"self":[{"href":"https:\/\/plazajuarez.mx\/historico\/wp-json\/wp\/v2\/posts\/183309","targetHints":{"allow":["GET"]}}],"collection":[{"href":"https:\/\/plazajuarez.mx\/historico\/wp-json\/wp\/v2\/posts"}],"about":[{"href":"https:\/\/plazajuarez.mx\/historico\/wp-json\/wp\/v2\/types\/post"}],"author":[{"embeddable":true,"href":"https:\/\/plazajuarez.mx\/historico\/wp-json\/wp\/v2\/users\/80"}],"replies":[{"embeddable":true,"href":"https:\/\/plazajuarez.mx\/historico\/wp-json\/wp\/v2\/comments?post=183309"}],"version-history":[{"count":0,"href":"https:\/\/plazajuarez.mx\/historico\/wp-json\/wp\/v2\/posts\/183309\/revisions"}],"wp:featuredmedia":[{"embeddable":true,"href":"https:\/\/plazajuarez.mx\/historico\/wp-json\/wp\/v2\/media\/183310"}],"wp:attachment":[{"href":"https:\/\/plazajuarez.mx\/historico\/wp-json\/wp\/v2\/media?parent=183309"}],"wp:term":[{"taxonomy":"category","embeddable":true,"href":"https:\/\/plazajuarez.mx\/historico\/wp-json\/wp\/v2\/categories?post=183309"},{"taxonomy":"post_tag","embeddable":true,"href":"https:\/\/plazajuarez.mx\/historico\/wp-json\/wp\/v2\/tags?post=183309"}],"curies":[{"name":"wp","href":"https:\/\/api.w.org\/{rel}","templated":true}]}}