{"id":183307,"date":"2021-09-22T16:57:02","date_gmt":"2021-09-22T21:57:02","guid":{"rendered":"https:\/\/plazajuarez.mx\/?p=183307"},"modified":"2021-09-22T16:57:14","modified_gmt":"2021-09-22T21:57:14","slug":"fallas-en-linea-2-del-cablebus-son-inaceptables-sheinbaum","status":"publish","type":"post","link":"https:\/\/plazajuarez.mx\/historico\/fallas-en-linea-2-del-cablebus-son-inaceptables-sheinbaum\/","title":{"rendered":"Fallas en L\u00ednea 2 del Cableb\u00fas son inaceptables: Sheinbaum"},"content":{"rendered":"\n<p>Luego de las dos fallas que registr\u00f3 la L\u00ednea 2 del Cableb\u00fas en Iztapalapa, la jefa de gobierno de la Ciudad de M\u00e9xico, Claudia Sheinbaum Pardo, expuso que es inaceptable lo ocurrido e indic\u00f3 que se le exigi\u00f3 a la empresa operadora, Leitner, un supervisor en cada estaci\u00f3n.<\/p>\n\n\n\n<p>&#8220;Les hemos exigido que haya un supervisor en cada una de las estaciones, particularmente en las estaciones que tienen la parte motora, para que no haya ning\u00fan problema, adem\u00e1s de las sanciones econ\u00f3micas. Es inaceptable que esto pase y se est\u00e1n tomando todas las medidas para evitar una situaci\u00f3n de este tipo&#8221;, dijo.<\/p>\n\n\n\n<p>La mandataria local destac\u00f3 que con estas sanciones y con las solicitudes est\u00e1n haciendo todo lo posible para que no haya una falla m\u00e1s.<\/p>\n\n\n\n<p>&#8220;Parte del problema que ten\u00edan es que no ten\u00edan una persona con la toma de decisiones del nivel para la toma de decisiones adecuada en los lugares en los que hab\u00eda que tomar una decisi\u00f3n&#8221;, explic\u00f3.<\/p>\n\n\n\n<p>Destac\u00f3 que est\u00e1 garantizada la seguridad, pues el tema es nada m\u00e1s que no tarde tanto el tiempo en el que haya una falla que puede llegar a ocurrir y el inicio de operaciones.<\/p>\n\n\n\n<p>Sheinbaum Pardo record\u00f3 que la empresa tiene dos sanciones econ\u00f3micas por 200 mil pesos tras las dos fallas que se registraron el 7 y 19 de septiembre.<\/p>\n","protected":false},"excerpt":{"rendered":"<p>Luego de las dos fallas que registr\u00f3 la L\u00ednea 2 del Cableb\u00fas en Iztapalapa, la jefa de gobierno de la Ciudad de M\u00e9xico, Claudia Sheinbaum Pardo, expuso que es inaceptable lo ocurrido e indic\u00f3 que se le exigi\u00f3 a la empresa operadora, Leitner, un supervisor en cada estaci\u00f3n. &#8220;Les hemos exigido que haya un supervisor [&hellip;]<\/p>\n","protected":false},"author":81,"featured_media":177375,"comment_status":"closed","ping_status":"closed","sticky":false,"template":"","format":"standard","meta":{"footnotes":""},"categories":[2160],"tags":[],"class_list":["post-183307","post","type-post","status-publish","format-standard","has-post-thumbnail","hentry","category-noticias-de-la-ciudad-de-mexico"],"_links":{"self":[{"href":"https:\/\/plazajuarez.mx\/historico\/wp-json\/wp\/v2\/posts\/183307","targetHints":{"allow":["GET"]}}],"collection":[{"href":"https:\/\/plazajuarez.mx\/historico\/wp-json\/wp\/v2\/posts"}],"about":[{"href":"https:\/\/plazajuarez.mx\/historico\/wp-json\/wp\/v2\/types\/post"}],"author":[{"embeddable":true,"href":"https:\/\/plazajuarez.mx\/historico\/wp-json\/wp\/v2\/users\/81"}],"replies":[{"embeddable":true,"href":"https:\/\/plazajuarez.mx\/historico\/wp-json\/wp\/v2\/comments?post=183307"}],"version-history":[{"count":0,"href":"https:\/\/plazajuarez.mx\/historico\/wp-json\/wp\/v2\/posts\/183307\/revisions"}],"wp:featuredmedia":[{"embeddable":true,"href":"https:\/\/plazajuarez.mx\/historico\/wp-json\/wp\/v2\/media\/177375"}],"wp:attachment":[{"href":"https:\/\/plazajuarez.mx\/historico\/wp-json\/wp\/v2\/media?parent=183307"}],"wp:term":[{"taxonomy":"category","embeddable":true,"href":"https:\/\/plazajuarez.mx\/historico\/wp-json\/wp\/v2\/categories?post=183307"},{"taxonomy":"post_tag","embeddable":true,"href":"https:\/\/plazajuarez.mx\/historico\/wp-json\/wp\/v2\/tags?post=183307"}],"curies":[{"name":"wp","href":"https:\/\/api.w.org\/{rel}","templated":true}]}}