{"id":183303,"date":"2021-09-22T16:51:37","date_gmt":"2021-09-22T21:51:37","guid":{"rendered":"https:\/\/plazajuarez.mx\/?p=183303"},"modified":"2021-09-22T16:51:44","modified_gmt":"2021-09-22T21:51:44","slug":"feria-aeroespacial-de-mexico-despega-en-el-nuevo-aeropuerto-de-lopez-obrador","status":"publish","type":"post","link":"https:\/\/plazajuarez.mx\/historico\/feria-aeroespacial-de-mexico-despega-en-el-nuevo-aeropuerto-de-lopez-obrador\/","title":{"rendered":"Feria Aeroespacial de M\u00e9xico despega en el nuevo aeropuerto de L\u00f3pez Obrador"},"content":{"rendered":"\n<p>&nbsp;La Feria Aeroespacial Mexicana (Famex), que agrupa a la duod\u00e9cima industria m\u00e1s grande del mundo del ramo, despeg\u00f3 este mi\u00e9rcoles en el nuevo Aeropuerto Internacional Felipe \u00c1ngeles (AIFA), obra emblema del presidente, Andr\u00e9s Manuel L\u00f3pez Obrador.<\/p>\n\n\n\n<p>Al inaugurar el evento en la base militar de Santa Luc\u00eda, el mandatario aprovech\u00f3 para presumir de su obra, que debe inaugurarse en marzo de 2022, y de la reactivaci\u00f3n econ\u00f3mica que vive el pa\u00eds tras la crisis de la covid-19.<\/p>\n\n\n\n<p>&#8220;Esta feria es un ejemplo de que se va a continuar progresando, se va a seguir prosperando en M\u00e9xico, se va a seguir modernizando nuestro pa\u00eds, y va a ser en beneficio de todas y de todos porque buscamos la modernidad forjada desde abajo y para todos&#8221;, asever\u00f3 en su discurso.<\/p>\n\n\n\n<p>M\u00c9XICO POR LOS AIRES<\/p>\n\n\n\n<p>El sector aeron\u00e1utico mexicano ha crecido un promedio del 14 % anual en la \u00faltima d\u00e9cada, al alcanzar exportaciones por un valor de 9.700 millones de d\u00f3lares en 2019, seg\u00fan la Federaci\u00f3n Mexicana de la Industria Aeroespacial (Femia).<\/p>\n\n\n\n<p>La Secretar\u00eda de Econom\u00eda (SE) ha proyectado que, para 2025, esta industria se colocar\u00e1 como la d\u00e9cima m\u00e1s importante del mundo con m\u00e1s de 400 empresas en el pa\u00eds, 110.000 empleos y 12.000 millones de d\u00f3lares de exportaciones, seg\u00fan la Femia.<\/p>\n\n\n\n<p>Por ello, el Gobierno de M\u00e9xico present\u00f3 la Famex como una oportunidad para atraer inversi\u00f3n extranjera, al enunciar la asistencia de 47 pa\u00edses y, por primera vez, de la Comunidad de Estados Latinoamericanos y Caribe\u00f1os (Celac).<\/p>\n\n\n\n<p>&#8220;Se consolid\u00f3 como la principal plataforma de negocios en el ramo y se ha convertido en un referente a nivel internacional en el \u00e1mbito de las ferias aeroespaciales&#8221;, afirm\u00f3 el general C\u00e9sar Tapia, presidente de la Famex.<\/p>\n\n\n\n<p>La feria, que ocurrir\u00e1 de este mi\u00e9rcoles hasta el viernes, tendr\u00e1 foros, seminarios y conferencias, como el congreso de mujeres l\u00edderes, seminarios de inversi\u00f3n extranjera, un foro de educaci\u00f3n aeroespacial y reuniones con la Agencia Espacial Mexicana.<\/p>\n\n\n\n<p>Al evento tambi\u00e9n asisti\u00f3 el nuevo embajador de Estados Unidos en M\u00e9xico, Ken Salazar, quien no dio un discurso.<\/p>\n\n\n\n<p>L\u00f3pez Obrador agradeci\u00f3 la presencia del diplom\u00e1tico al reiterar su compromiso con el nuevo Tratado entre M\u00e9xico, Estados Unidos y Canad\u00e1 (T-MEC).<\/p>\n\n\n\n<p>&#8220;Quiero reafirmar el compromiso de que en nuestro Gobierno se va a respetar siempre la inversi\u00f3n privada, que nuestra econom\u00eda es mixta y busca el equilibrio entre el sector p\u00fablico, el sector privado y el sector social&#8221;, sostuvo el mexicano.<\/p>\n\n\n\n<p>AIRES DE POL\u00c9MICA<\/p>\n\n\n\n<p>La realizaci\u00f3n de la Famex en esta obra prioritaria del presidente despert\u00f3 controversia porque en un principio estaba programada para realizarse en Quer\u00e9taro, estado del centro del pa\u00eds y con la mayor presencia de esta industria.<\/p>\n\n\n\n<p>Pero el Gobierno de ese estado suspendi\u00f3 la feria por la tercera ola de covid-19, una decisi\u00f3n que cont\u00f3 con el respaldo de la principal organizaci\u00f3n aeron\u00e1utica del estado, el Aerocl\u00faster de Quer\u00e9taro, que agrupa a m\u00e1s de 70 miembros, incluyendo compa\u00f1\u00edas como ITP Aero, Bombardier, Airbus y General Electric.<\/p>\n\n\n\n<p>L\u00f3pez Obrador us\u00f3 la ocasi\u00f3n para defender &#8220;la calidad&#8221; y el tiempo r\u00e9cord de dos a\u00f1os de la construcci\u00f3n del nuevo aeropuerto.<\/p>\n\n\n\n<p>&#8220;No hay en el pa\u00eds y posiblemente en otros pa\u00edses una pista con la calidad de la pista principal de este nuevo aeropuerto y en muy poco tiempo&#8221;, asegur\u00f3 el presidente.<\/p>\n\n\n\n<p>El mandatario insisti\u00f3 en que mantener la construcci\u00f3n del Nuevo Aeropuerto Internacional de M\u00e9xico (NAIM), que el expresidente Enrique Pe\u00f1a Nieto (2012-2018) comenz\u00f3 en el lago de Texcoco y L\u00f3pez Obrador orden\u00f3 cancelar, hubiese costado 300.000 millones de pesos (15.000 millones de d\u00f3lares).<\/p>\n\n\n\n<p>Mientras que, seg\u00fan sus datos, con Santa Luc\u00eda se han ahorrado 125.000 millones de pesos (6.250 millones de d\u00f3lares) que servir\u00e1n para construir los 1.500 kil\u00f3metros del Tren Maya en el sureste del pa\u00eds.<\/p>\n\n\n\n<p>Adem\u00e1s, record\u00f3 que su Gobierno tambi\u00e9n edificar\u00e1 el nuevo aeropuerto de Tulum, Quintana Roo, en el Caribe mexicano, adem\u00e1s de modernizar el de Tepic, Nayarit, en el Pac\u00edfico.<\/p>\n\n\n\n<p>&#8220;La otra ventana de oportunidad que tiene nuestro pa\u00eds es el potencial tur\u00edstico excepcional, de lo mejor del mundo, de esa forma, con la aviaci\u00f3n, con el desarrollo de esta industria, y con el turismo, va a seguir creciendo nuestro pa\u00eds&#8221;, augur\u00f3.<\/p>\n","protected":false},"excerpt":{"rendered":"<p>&nbsp;La Feria Aeroespacial Mexicana (Famex), que agrupa a la duod\u00e9cima industria m\u00e1s grande del mundo del ramo, despeg\u00f3 este mi\u00e9rcoles en el nuevo Aeropuerto Internacional Felipe \u00c1ngeles (AIFA), obra emblema del presidente, Andr\u00e9s Manuel L\u00f3pez Obrador. Al inaugurar el evento en la base militar de Santa Luc\u00eda, el mandatario aprovech\u00f3 para presumir de su obra, [&hellip;]<\/p>\n","protected":false},"author":80,"featured_media":183305,"comment_status":"closed","ping_status":"closed","sticky":false,"template":"","format":"standard","meta":{"footnotes":""},"categories":[36],"tags":[],"class_list":["post-183303","post","type-post","status-publish","format-standard","has-post-thumbnail","hentry","category-nacion"],"_links":{"self":[{"href":"https:\/\/plazajuarez.mx\/historico\/wp-json\/wp\/v2\/posts\/183303","targetHints":{"allow":["GET"]}}],"collection":[{"href":"https:\/\/plazajuarez.mx\/historico\/wp-json\/wp\/v2\/posts"}],"about":[{"href":"https:\/\/plazajuarez.mx\/historico\/wp-json\/wp\/v2\/types\/post"}],"author":[{"embeddable":true,"href":"https:\/\/plazajuarez.mx\/historico\/wp-json\/wp\/v2\/users\/80"}],"replies":[{"embeddable":true,"href":"https:\/\/plazajuarez.mx\/historico\/wp-json\/wp\/v2\/comments?post=183303"}],"version-history":[{"count":0,"href":"https:\/\/plazajuarez.mx\/historico\/wp-json\/wp\/v2\/posts\/183303\/revisions"}],"wp:featuredmedia":[{"embeddable":true,"href":"https:\/\/plazajuarez.mx\/historico\/wp-json\/wp\/v2\/media\/183305"}],"wp:attachment":[{"href":"https:\/\/plazajuarez.mx\/historico\/wp-json\/wp\/v2\/media?parent=183303"}],"wp:term":[{"taxonomy":"category","embeddable":true,"href":"https:\/\/plazajuarez.mx\/historico\/wp-json\/wp\/v2\/categories?post=183303"},{"taxonomy":"post_tag","embeddable":true,"href":"https:\/\/plazajuarez.mx\/historico\/wp-json\/wp\/v2\/tags?post=183303"}],"curies":[{"name":"wp","href":"https:\/\/api.w.org\/{rel}","templated":true}]}}