{"id":183301,"date":"2021-09-22T16:49:52","date_gmt":"2021-09-22T21:49:52","guid":{"rendered":"https:\/\/plazajuarez.mx\/?p=183301"},"modified":"2021-09-22T16:50:04","modified_gmt":"2021-09-22T21:50:04","slug":"la-amazonia-un-potencial-biomercado-que-brasil-no-ha-sabido-aprovechar","status":"publish","type":"post","link":"https:\/\/plazajuarez.mx\/historico\/la-amazonia-un-potencial-biomercado-que-brasil-no-ha-sabido-aprovechar\/","title":{"rendered":"La Amazon\u00eda, un potencial biomercado que Brasil no ha sabido aprovechar"},"content":{"rendered":"\n<p>Brasil ostenta la selva tropical m\u00e1s extensa del planeta y all\u00ed podr\u00eda impulsar un mercado de cr\u00e9ditos de carbono con actividades de reforestaci\u00f3n y conservaci\u00f3n del bioma, un proyecto que facturar\u00eda hasta 24 millones de d\u00f3lares al a\u00f1o, seg\u00fan un estudio del Instituto Escolhas.<\/p>\n\n\n\n<p>La idea es transformar las actuales concesiones forestales que se otorgan al sector privado -dedicadas a la extracci\u00f3n sustentable de madera y que operan en selvas p\u00fablicas de la Amazon\u00eda brasile\u00f1a- en campos de bioeconom\u00eda y de investigaci\u00f3n ambiental.<\/p>\n\n\n\n<p>El estudio, apoyado por el Instituto Arapya\u00fa y al que tuvo acceso EFE este mi\u00e9rcoles, se\u00f1ala que de esa forma las concesiones podr\u00edan impulsar actividades adicionales como el ecoturismo, la explotaci\u00f3n sustentable de frutos y plantas medicinales propios de la Amazon\u00eda brasile\u00f1a, o adelantar investigaciones gen\u00e9ticas de las especies del bioma.<\/p>\n\n\n\n<p>Esas actividades les permitir\u00edan generar cr\u00e9ditos de carbono por Reducci\u00f3n de Emisiones provenientes de la Deforestaci\u00f3n y Degradaci\u00f3n de los bosques (cr\u00e9ditos REDD+) y luego comercializarlos mediante el mercado voluntario, un tema en el que pa\u00edses latinoamericanos como Per\u00fa, Colombia y M\u00e9xico est\u00e1n bastante adelantados y en el que Brasil necesita despegar.<\/p>\n\n\n\n<p>De acuerdo con Escolhas, hay potencial para generar desde 1,6 a 5,6 millones de cr\u00e9ditos REDD+ por a\u00f1o, dependiendo de si las \u00e1reas establecidas est\u00e1n bajo mayor o menor presi\u00f3n por deforestaci\u00f3n.<\/p>\n\n\n\n<p>Este volumen duplicar\u00eda la oferta brasile\u00f1a de este tipo de cr\u00e9dito y representar\u00eda un aporte de 7 a 24 millones de d\u00f3lares anuales, considerando un valor promedio de 4,3 d\u00f3lares por cr\u00e9dito.<\/p>\n\n\n\n<p>Debido al comercio ilegal de madera y a la falta de incentivos, hoy en d\u00eda las concesiones forestales solo ocupan un mill\u00f3n de hect\u00e1reas de selva p\u00fablica en la Amazon\u00eda brasile\u00f1a, menos de la quinta parte del \u00e1rea posible (5,6 millones de hect\u00e1reas).<\/p>\n\n\n\n<p>&#8220;Buscamos estrategias para mirar c\u00f3mo podemos mantener la selva en pie. La generaci\u00f3n de cr\u00e9ditos carbono remunerar\u00eda ese servicio ambiental y ser\u00edan un incentivo adicional para las concesiones&#8221;, asegur\u00f3 a EFE Teresa Rossi, coordinadora de proyectos de Escolhas.<\/p>\n\n\n\n<p>Un proyecto de ley que se bas\u00f3 en el estudio y que est\u00e1 en curso en el Congreso busca modificar el marco legal de las concesiones forestales para hacer esto posible, y ya se est\u00e1n redise\u00f1ando los modelos de licitaci\u00f3n y de contratos para que incluyan y expliquen todas las alternativas que pueden generar cr\u00e9ditos de carbono y su rentabilidad.<\/p>\n\n\n\n<p>LA AMAZON\u00cdA SE PUEDE CONVERTIR EN UNA BOMBA DE CO2<\/p>\n\n\n\n<p>Datos oficiales se\u00f1alan que s\u00f3lo en 2020, la Amazon\u00eda brasile\u00f1a perdi\u00f3 unos 10.300 kil\u00f3metros cuadrados de selva por la deforestaci\u00f3n. Ese mismo a\u00f1o registr\u00f3 103.161 focos de incendio.<\/p>\n\n\n\n<p>La deforestaci\u00f3n, los incendios y los cambios clim\u00e1ticos, disminuyeron en la selva amaz\u00f3nica la posibilidad de absorci\u00f3n de di\u00f3xido de carbono.<\/p>\n\n\n\n<p>Seg\u00fan un estudio liderado por el Instituto Nacional de Pesquisas Ambientales (Inpe), publicado en la revista Nature en julio pasado, entre 2010 y 2018 la Amazon\u00eda emiti\u00f3 1.060 millones de toneladas de CO2 por a\u00f1o, de las que 870 millones fueron de la selva brasile\u00f1a.<\/p>\n\n\n\n<p>&#8220;El potencial que tiene la Amazon\u00eda para ser colector de carbono es el mismo que puede convertirla en una bomba de CO2. Si seguimos desforestando en los niveles de los \u00faltimos a\u00f1os en Brasil, la Amazon\u00eda va a comenzar a ser un problema y dejar\u00e1 de ser una oportunidad de mitigaci\u00f3n&#8221;, se\u00f1al\u00f3 Rossi.<\/p>\n\n\n\n<p>MADERA ILEGAL, EL DOLOR DE CABEZA DE LAS CONCESIONES<\/p>\n\n\n\n<p>El margen de lucro de las concesiones forestales por la explotaci\u00f3n sustentable de madera se ha visto cada vez m\u00e1s reducido por el comercio ilegal de este material en la Amazon\u00eda brasile\u00f1a.<\/p>\n\n\n\n<p>De acuerdo con Alexander Saraiva, comisario de la Polic\u00eda Federal, el 99 % de la madera comercializada por Brasil es extra\u00edda ilegalmente de la Amazon\u00eda. &#8220;Y no estoy exagerando. Estamos hablando de madera nativa, no de eucalipto ni pino&#8221;, asegur\u00f3 a EFE.<\/p>\n\n\n\n<p>Seg\u00fan el comisario, las corruptelas que existen en las entidades p\u00fablicas y el no contar con una fiscalizaci\u00f3n adecuada promueven la extracci\u00f3n il\u00edcita de madera, que es vendida a precios muy inferiores a la que procede de las concesiones forestales, porque los madereros ilegales no pagan derechos laborales, ni derechos de extracci\u00f3n, ni servicios esenciales para ese sector, como la energ\u00eda, que casi siempre es robada.<\/p>\n\n\n\n<p>El comisario lleva 18 a\u00f1os en la Polic\u00eda Federal -10 de ellos en regiones de la Amazon\u00eda- por lo que conoce de cerca el tema. En abril el a\u00f1o pasado fue destituido de la Superintendencia del Amazonas, que comandaba, por denunciar la presunta interferencia del entonces ministro de Medio Ambiente, Ricardo Salles, en investigaciones y fiscalizaciones de delitos ambientales.<\/p>\n\n\n\n<p>La denuncia le cost\u00f3 la cabeza a Salles, que sigue bajo investigaci\u00f3n.<\/p>\n","protected":false},"excerpt":{"rendered":"<p>Brasil ostenta la selva tropical m\u00e1s extensa del planeta y all\u00ed podr\u00eda impulsar un mercado de cr\u00e9ditos de carbono con actividades de reforestaci\u00f3n y conservaci\u00f3n del bioma, un proyecto que facturar\u00eda hasta 24 millones de d\u00f3lares al a\u00f1o, seg\u00fan un estudio del Instituto Escolhas. La idea es transformar las actuales concesiones forestales que se otorgan [&hellip;]<\/p>\n","protected":false},"author":80,"featured_media":183302,"comment_status":"closed","ping_status":"closed","sticky":false,"template":"","format":"standard","meta":{"footnotes":""},"categories":[31],"tags":[],"class_list":["post-183301","post","type-post","status-publish","format-standard","has-post-thumbnail","hentry","category-orbe"],"_links":{"self":[{"href":"https:\/\/plazajuarez.mx\/historico\/wp-json\/wp\/v2\/posts\/183301","targetHints":{"allow":["GET"]}}],"collection":[{"href":"https:\/\/plazajuarez.mx\/historico\/wp-json\/wp\/v2\/posts"}],"about":[{"href":"https:\/\/plazajuarez.mx\/historico\/wp-json\/wp\/v2\/types\/post"}],"author":[{"embeddable":true,"href":"https:\/\/plazajuarez.mx\/historico\/wp-json\/wp\/v2\/users\/80"}],"replies":[{"embeddable":true,"href":"https:\/\/plazajuarez.mx\/historico\/wp-json\/wp\/v2\/comments?post=183301"}],"version-history":[{"count":0,"href":"https:\/\/plazajuarez.mx\/historico\/wp-json\/wp\/v2\/posts\/183301\/revisions"}],"wp:featuredmedia":[{"embeddable":true,"href":"https:\/\/plazajuarez.mx\/historico\/wp-json\/wp\/v2\/media\/183302"}],"wp:attachment":[{"href":"https:\/\/plazajuarez.mx\/historico\/wp-json\/wp\/v2\/media?parent=183301"}],"wp:term":[{"taxonomy":"category","embeddable":true,"href":"https:\/\/plazajuarez.mx\/historico\/wp-json\/wp\/v2\/categories?post=183301"},{"taxonomy":"post_tag","embeddable":true,"href":"https:\/\/plazajuarez.mx\/historico\/wp-json\/wp\/v2\/tags?post=183301"}],"curies":[{"name":"wp","href":"https:\/\/api.w.org\/{rel}","templated":true}]}}