{"id":183145,"date":"2021-09-21T15:33:13","date_gmt":"2021-09-21T20:33:13","guid":{"rendered":"https:\/\/plazajuarez.mx\/?p=183145"},"modified":"2021-09-21T15:33:26","modified_gmt":"2021-09-21T20:33:26","slug":"la-feria-industrial-de-mexico-se-celebrara-en-octubre-de-forma-presencial","status":"publish","type":"post","link":"https:\/\/plazajuarez.mx\/historico\/la-feria-industrial-de-mexico-se-celebrara-en-octubre-de-forma-presencial\/","title":{"rendered":"La feria industrial de M\u00e9xico se celebrar\u00e1 en octubre de forma presencial"},"content":{"rendered":"\n<p>La feria Industrial Transformation M\u00e9xico (ITM) de la Hannover Messe tendr\u00e1 lugar de forma presencial entre el 6 y el 8 de octubre en Le\u00f3n (Guanajuato) despu\u00e9s de que la pandemia de covid-19 obligara el a\u00f1o pasado a hacerla virtual.<\/p>\n\n\n\n<p>Bernd Rohde, director general de Hannover Fairs M\u00e9xico, explic\u00f3 que participar\u00e1n 60 empresas expositoras, 20 m\u00e1s que el a\u00f1o pasado, y que se espera a 21.000 visitantes en el recinto Poliforum de Le\u00f3n.<\/p>\n\n\n\n<p>El evento, organizado por la alemana Hannover Messe, la mayor feria industrial del mundo, volver\u00e1 al estado de Guanajuato, que ya la alberg\u00f3 en 2019, para explorar la innovaci\u00f3n tecnol\u00f3gica tras la pandemia.<\/p>\n\n\n\n<p>&#8220;La pandemia ha cambiado la sociedad, la forma en c\u00f3mo interactuamos, c\u00f3mo trabajamos, c\u00f3mo compramos (&#8230;) nos dio la oportunidad de repensar cosas&#8221;, expres\u00f3 Rohde.<\/p>\n\n\n\n<p>La feria abordar\u00e1 grandes temas como la tecnificaci\u00f3n de f\u00e1bricas o la creciente demanda de compras en l\u00ednea para que sea &#8220;sustentable, eficiente y r\u00e1pida&#8221;.<\/p>\n\n\n\n<p>&#8220;Si vives fuera de una de las grandes ciudades de M\u00e9xico y pides una corbata en l\u00ednea, el transporte cuesta m\u00e1s que el producto. Tenemos una oportunidad grande para una eficiente entrega de productos&#8221;, ejemplific\u00f3 Rohde.<\/p>\n\n\n\n<p>Tambi\u00e9n se debatir\u00e1 sobre la innovaci\u00f3n y el crecimiento econ\u00f3mico sustentable, as\u00ed como el combate a la crisis clim\u00e1tica.<\/p>\n\n\n\n<p>&#8220;Todos los pa\u00edses tienen el dilema de si queremos m\u00e1s progreso o tambi\u00e9n sustentabilidad. El tema es que no son cosas que est\u00e9n peleadas, consideramos que puede seguir habiendo progreso&#8221;, opin\u00f3 Enrique Gonz\u00e1lez, presidente regional de Schneider Electric.<\/p>\n\n\n\n<p>Gonz\u00e1lez consider\u00f3 que &#8220;la mayor\u00eda de empresas tienen conciencia de sustentabilidad&#8221; y defendi\u00f3 que las industrias deben ser m\u00e1s el\u00e9ctricas, dejando a un lado los combustibles f\u00f3siles, as\u00ed como la poblaci\u00f3n &#8220;debe cambiar sus h\u00e1bitos&#8221;.<\/p>\n\n\n\n<p>El Gobierno del presidente Andr\u00e9s Manuel L\u00f3pez Obrador mantiene una batalla legal para favorecer a las empresas p\u00fablicas de energ\u00eda en detrimento de los generadores privados de energ\u00edas limpias, lo que ha causado una disputa con la industria.<\/p>\n","protected":false},"excerpt":{"rendered":"<p>La feria Industrial Transformation M\u00e9xico (ITM) de la Hannover Messe tendr\u00e1 lugar de forma presencial entre el 6 y el 8 de octubre en Le\u00f3n (Guanajuato) despu\u00e9s de que la pandemia de covid-19 obligara el a\u00f1o pasado a hacerla virtual. Bernd Rohde, director general de Hannover Fairs M\u00e9xico, explic\u00f3 que participar\u00e1n 60 empresas expositoras, 20 [&hellip;]<\/p>\n","protected":false},"author":80,"featured_media":183146,"comment_status":"closed","ping_status":"closed","sticky":false,"template":"","format":"standard","meta":{"footnotes":""},"categories":[36],"tags":[],"class_list":["post-183145","post","type-post","status-publish","format-standard","has-post-thumbnail","hentry","category-nacion"],"_links":{"self":[{"href":"https:\/\/plazajuarez.mx\/historico\/wp-json\/wp\/v2\/posts\/183145","targetHints":{"allow":["GET"]}}],"collection":[{"href":"https:\/\/plazajuarez.mx\/historico\/wp-json\/wp\/v2\/posts"}],"about":[{"href":"https:\/\/plazajuarez.mx\/historico\/wp-json\/wp\/v2\/types\/post"}],"author":[{"embeddable":true,"href":"https:\/\/plazajuarez.mx\/historico\/wp-json\/wp\/v2\/users\/80"}],"replies":[{"embeddable":true,"href":"https:\/\/plazajuarez.mx\/historico\/wp-json\/wp\/v2\/comments?post=183145"}],"version-history":[{"count":0,"href":"https:\/\/plazajuarez.mx\/historico\/wp-json\/wp\/v2\/posts\/183145\/revisions"}],"wp:featuredmedia":[{"embeddable":true,"href":"https:\/\/plazajuarez.mx\/historico\/wp-json\/wp\/v2\/media\/183146"}],"wp:attachment":[{"href":"https:\/\/plazajuarez.mx\/historico\/wp-json\/wp\/v2\/media?parent=183145"}],"wp:term":[{"taxonomy":"category","embeddable":true,"href":"https:\/\/plazajuarez.mx\/historico\/wp-json\/wp\/v2\/categories?post=183145"},{"taxonomy":"post_tag","embeddable":true,"href":"https:\/\/plazajuarez.mx\/historico\/wp-json\/wp\/v2\/tags?post=183145"}],"curies":[{"name":"wp","href":"https:\/\/api.w.org\/{rel}","templated":true}]}}