{"id":183143,"date":"2021-09-21T15:13:23","date_gmt":"2021-09-21T20:13:23","guid":{"rendered":"https:\/\/plazajuarez.mx\/?p=183143"},"modified":"2021-09-21T15:14:08","modified_gmt":"2021-09-21T20:14:08","slug":"sheinbaum-garantiza-segunda-y-primera-dosis-en-alcaldias-restantes","status":"publish","type":"post","link":"https:\/\/plazajuarez.mx\/historico\/sheinbaum-garantiza-segunda-y-primera-dosis-en-alcaldias-restantes\/","title":{"rendered":"Sheinbaum garantiza segunda y primera dosis en alcald\u00edas restantes"},"content":{"rendered":"\n<p>La jefa de gobierno de la Ciudad de M\u00e9xico, Claudia Sheinbaum, asegur\u00f3 que est\u00e1 garantizada la segunda dosis de la vacuna contra Covid-19 para las personas de 30 a 39 a\u00f1os de las alcald\u00edas Cuauht\u00e9moc, Magdalena Contreras, Cuajimalpa, Xochimilco y Milpa Alta cuya fecha l\u00edmite es el pr\u00f3ximo 28 de septiembre.<\/p>\n\n\n\n<p>&#8220;El jueves es cuando nos informan por parte del Gobierno de M\u00e9xico y la orientaci\u00f3n del presidente de la Rep\u00fablica que se ponga la segunda dosis justo cuando se cumple el tiempo de las semanas&#8221;, dijo.<\/p>\n\n\n\n<p>Los residentes de estas cinco demarcaciones recibieron la vacuna AstraZeneca del 6 al 10 de julio y de acuerdo con la informaci\u00f3n de posible programaci\u00f3n para segundas dosis, lo m\u00e1s tarde para iniciar la segunda dosis ser\u00eda el pr\u00f3ximo 28 de septiembre.<\/p>\n\n\n\n<p>La mandataria local, destac\u00f3 que tambi\u00e9n se garantizar\u00e1 la primera dosis para todas las personas de 18 a\u00f1os y m\u00e1s de las cuatro alcald\u00edas restantes, Iztapalapa, Coyoac\u00e1n, Azcapotzalco y \u00c1lvaro Obreg\u00f3n.<\/p>\n\n\n\n<p>\u00bfPor qu\u00e9 a\u00fan no vacunan a la chaviza en cuatro alcald\u00edas?<\/p>\n\n\n\n<p>J\u00f3venes mayores de 18 a 29 a\u00f1os de cuatro alcald\u00edas de la Ciudad de M\u00e9xico a\u00fan no tienen su primera dosis de la vacuna contra Covid-19, esto se debe a que las autoridades han dado prioridad a completar la aplicaci\u00f3n de segundas dosis.<\/p>\n\n\n\n<p>Se trata de la &#8220;chaviza&#8221; de 18 a 29 a\u00f1os de las alcald\u00edas \u00c1lvaro Obreg\u00f3n, Azcapotzalco, Coyoac\u00e1n e Iztapalapa, las que a\u00fan no tienen su primera dosis.<\/p>\n\n\n\n<p>&#8220;Hemos tenido que completar esquemas de segundas dosis de personas que ya se les ha aplicado la primera, porque los tiempos los tenemos que cumplir; es decir, estamos aplicando segundas dosis de Sputnik a personas de 18 a 29 a\u00f1os, porque los tiempos de Sputnik as\u00ed nos lo marcaba, no porque los preferimos a ellos&#8221;, detall\u00f3 Eduardo Clark, director de Gobierno Digital de la Ciudad de M\u00e9xico en entrevista con Ciro G\u00f3mez Leyva para Radio F\u00f3rmula.<\/p>\n\n\n\n<p>Adelant\u00f3 que posiblemente las primeras dosis para los j\u00f3venes de 18 a 29 a\u00f1os de las alcald\u00edas de \u00c1lvaro Obreg\u00f3n, Azcapotzalco, Cuajimalpa e Iztapalapa estar\u00edan cubiertas los primeros d\u00edas de octubre.<\/p>\n\n\n\n<p>Eduardo Clark dijo que tambi\u00e9n esperan que el Gobierno Federal entregue la pr\u00f3xima semana vacunas AstraZeneca para segundas dosis de personas de 30 a 39 a\u00f1os de las alcald\u00edas Cuajimalpa, Milpa Alta y Cuauht\u00e9moc.<\/p>\n\n\n\n<p>&#8220;Yo creo que si hay un poco de restante, nos dar\u00e1n para una alcald\u00eda de 18 a 29 de las pendientes&#8221;, dijo.<\/p>\n","protected":false},"excerpt":{"rendered":"<p>La jefa de gobierno de la Ciudad de M\u00e9xico, Claudia Sheinbaum, asegur\u00f3 que est\u00e1 garantizada la segunda dosis de la vacuna contra Covid-19 para las personas de 30 a 39 a\u00f1os de las alcald\u00edas Cuauht\u00e9moc, Magdalena Contreras, Cuajimalpa, Xochimilco y Milpa Alta cuya fecha l\u00edmite es el pr\u00f3ximo 28 de septiembre. &#8220;El jueves es cuando [&hellip;]<\/p>\n","protected":false},"author":81,"featured_media":181489,"comment_status":"closed","ping_status":"closed","sticky":false,"template":"","format":"standard","meta":{"footnotes":""},"categories":[2160],"tags":[],"class_list":["post-183143","post","type-post","status-publish","format-standard","has-post-thumbnail","hentry","category-noticias-de-la-ciudad-de-mexico"],"_links":{"self":[{"href":"https:\/\/plazajuarez.mx\/historico\/wp-json\/wp\/v2\/posts\/183143","targetHints":{"allow":["GET"]}}],"collection":[{"href":"https:\/\/plazajuarez.mx\/historico\/wp-json\/wp\/v2\/posts"}],"about":[{"href":"https:\/\/plazajuarez.mx\/historico\/wp-json\/wp\/v2\/types\/post"}],"author":[{"embeddable":true,"href":"https:\/\/plazajuarez.mx\/historico\/wp-json\/wp\/v2\/users\/81"}],"replies":[{"embeddable":true,"href":"https:\/\/plazajuarez.mx\/historico\/wp-json\/wp\/v2\/comments?post=183143"}],"version-history":[{"count":0,"href":"https:\/\/plazajuarez.mx\/historico\/wp-json\/wp\/v2\/posts\/183143\/revisions"}],"wp:featuredmedia":[{"embeddable":true,"href":"https:\/\/plazajuarez.mx\/historico\/wp-json\/wp\/v2\/media\/181489"}],"wp:attachment":[{"href":"https:\/\/plazajuarez.mx\/historico\/wp-json\/wp\/v2\/media?parent=183143"}],"wp:term":[{"taxonomy":"category","embeddable":true,"href":"https:\/\/plazajuarez.mx\/historico\/wp-json\/wp\/v2\/categories?post=183143"},{"taxonomy":"post_tag","embeddable":true,"href":"https:\/\/plazajuarez.mx\/historico\/wp-json\/wp\/v2\/tags?post=183143"}],"curies":[{"name":"wp","href":"https:\/\/api.w.org\/{rel}","templated":true}]}}