{"id":183035,"date":"2021-09-21T08:20:12","date_gmt":"2021-09-21T13:20:12","guid":{"rendered":"https:\/\/plazajuarez.mx\/?p=183035"},"modified":"2021-09-21T08:20:24","modified_gmt":"2021-09-21T13:20:24","slug":"el-faro-51","status":"publish","type":"post","link":"https:\/\/plazajuarez.mx\/historico\/el-faro-51\/","title":{"rendered":"El Faro"},"content":{"rendered":"\n<h2 class=\"wp-block-heading\"><strong>Sobre el terrorismo<\/strong><\/h2>\n\n\n\n<p class=\"wp-block-paragraph\"><\/p>\n\n\n\n<p class=\"wp-block-paragraph\">Hace pr\u00e1cticamente 10 d\u00edas record\u00e1bamos el vig\u00e9simo aniversario de los atentados a las torres gemelas de Nueva York. Las im\u00e1genes siguen siendo impactantes para quienes las pudimos ver en directo y dignas de no esconder en el olvido para los m\u00e1s j\u00f3venes. Este evento se ha convertido pr\u00e1cticamente en una representaci\u00f3n ic\u00f3nica de lo que es el terrorismo internacional, aunque hay muchos otros ejemplos.\u00a0<\/p>\n\n\n\n<p class=\"wp-block-paragraph\">Yuval Noah Harari (2021) en su libro <em>21 lecciones para el siglo XXI<\/em>, explica desde un punto de vista hist\u00f3rico c\u00f3mo los pa\u00edses democr\u00e1ticos han conseguido reducir a su m\u00ednima expresi\u00f3n el ejercicio de la violencia pol\u00edtica y de la que se puede ejercer en el espacio p\u00fablico. El estado moderno reconoce que una de sus principales obligaciones para con los ciudadanos es mantener la paz en sus territorios.&nbsp;<\/p>\n\n\n\n<p class=\"wp-block-paragraph\">La tranquilidad que normalmente se vive dentro de estas sociedades conlleva inevitablemente que cuando alg\u00fan evento violento, de la magnitud que sea, tiene lugar, inmediatamente se genera una repercusi\u00f3n medi\u00e1tica y una reacci\u00f3n de rechazo por parte de todos los ciudadanos. Por inusual e inesperable hay una cierta \u201cteatralizaci\u00f3n\u201d del terrorismo, de tal manera que un evento reducido, aunque tr\u00e1gico, se magnifica por la caja de resonancia pac\u00edfica creada por el propio estado.<\/p>\n\n\n\n<p class=\"wp-block-paragraph\">A la teatralizaci\u00f3n amplificadora le corresponde, por otro lado, un efecto similar en la respuesta al acto violento. El estado se ve obligado a responder con rotundidad tanto en las palabras, como en las medidas de seguridad, como en las promesas a la ciudadan\u00eda de que los responsables asumir\u00e1n todo el peso de la ley. Se asegura el estado de que el ciudadano se siga sintiendo seguro y, por tanto, de que cumple lo que tiene encomendado. A la teatralizaci\u00f3n de las torres gemelas les correspondi\u00f3 inmediatamente un contraespect\u00e1culo cuyo escenario fue la toma del poder en Afganist\u00e1n y, de paso, la de Irak.<\/p>\n\n\n\n<p class=\"wp-block-paragraph\">El contexto de la conmemoraci\u00f3n del 11S fue la retirada silenciosa, repentina y discreta de las fuerzas armadas de los pa\u00edses invasores. Tras 20 a\u00f1os, de repente, los ej\u00e9rcitos dicen que se van y que los afganos se las compongan solos. Aqu\u00ed ya no hay reflectores ni alharacas. Ya no es relevante meter ruido porque en el fondo de la reacci\u00f3n contraespectacular hubo un exceso de pasi\u00f3n e inter\u00e9s pol\u00edtico y un d\u00e9ficit de frialdad para analizar la situaci\u00f3n. Tanto Bush, como los representantes de ambas c\u00e1maras, tuvieron m\u00e1s en cuenta lo aparatoso de la respuesta que si realmente era la adecuada.<\/p>\n\n\n\n<p class=\"wp-block-paragraph\">En M\u00e9xico, contrario a lo expuesto por Harari, no es frecuente utilizar la palabra \u201cterrorismo\u201d. S\u00ed es cierto que el estado tiene la obligaci\u00f3n de mantener la seguridad interna. S\u00ed es cierto que cuando algo pasa se vuelcan las autoridades a los medios de comunicaci\u00f3n y a las redes sociales para prometer que nadie est\u00e1 por encima de la ley. Pero la representaci\u00f3n no es muy cre\u00edble. Ha habido granadas en espacios p\u00fablicos durante las fiestas patrias, ha habido centros recreativos cerrados en que se quemaron vivas a las personas que se quedaron dentro, ha habido cuerpos colgados de los puentes, ha habido personas desmembradas, el domingo pasado hubo un paquete bomba en Salamanca, Guanajuato, ha habido m\u00e1s de noventa mil desaparecidos\u2026 El terror nuestro es cotidiano, no es algo espectacular ni da tiempo a engordar la indignaci\u00f3n porque ocurre inmediatamente algo m\u00e1s.&nbsp;<\/p>\n","protected":false},"excerpt":{"rendered":"<p>Sobre el terrorismo Hace pr\u00e1cticamente 10 d\u00edas record\u00e1bamos el vig\u00e9simo aniversario de los atentados a las torres gemelas de Nueva York. Las im\u00e1genes siguen siendo impactantes para quienes las pudimos ver en directo y dignas de no esconder en el olvido para los m\u00e1s j\u00f3venes. Este evento se ha convertido pr\u00e1cticamente en una representaci\u00f3n ic\u00f3nica [&hellip;]<\/p>\n","protected":false},"author":98,"featured_media":182946,"comment_status":"closed","ping_status":"closed","sticky":false,"template":"","format":"standard","meta":{"footnotes":""},"categories":[1006,42],"tags":[],"class_list":["post-183035","post","type-post","status-publish","format-standard","has-post-thumbnail","hentry","category-dr-jesus-ignacio-panedas-galindo","category-nuestrapalabra"],"_links":{"self":[{"href":"https:\/\/plazajuarez.mx\/historico\/wp-json\/wp\/v2\/posts\/183035","targetHints":{"allow":["GET"]}}],"collection":[{"href":"https:\/\/plazajuarez.mx\/historico\/wp-json\/wp\/v2\/posts"}],"about":[{"href":"https:\/\/plazajuarez.mx\/historico\/wp-json\/wp\/v2\/types\/post"}],"author":[{"embeddable":true,"href":"https:\/\/plazajuarez.mx\/historico\/wp-json\/wp\/v2\/users\/98"}],"replies":[{"embeddable":true,"href":"https:\/\/plazajuarez.mx\/historico\/wp-json\/wp\/v2\/comments?post=183035"}],"version-history":[{"count":0,"href":"https:\/\/plazajuarez.mx\/historico\/wp-json\/wp\/v2\/posts\/183035\/revisions"}],"wp:featuredmedia":[{"embeddable":true,"href":"https:\/\/plazajuarez.mx\/historico\/wp-json\/wp\/v2\/media\/182946"}],"wp:attachment":[{"href":"https:\/\/plazajuarez.mx\/historico\/wp-json\/wp\/v2\/media?parent=183035"}],"wp:term":[{"taxonomy":"category","embeddable":true,"href":"https:\/\/plazajuarez.mx\/historico\/wp-json\/wp\/v2\/categories?post=183035"},{"taxonomy":"post_tag","embeddable":true,"href":"https:\/\/plazajuarez.mx\/historico\/wp-json\/wp\/v2\/tags?post=183035"}],"curies":[{"name":"wp","href":"https:\/\/api.w.org\/{rel}","templated":true}]}}