{"id":183028,"date":"2021-09-21T08:15:50","date_gmt":"2021-09-21T13:15:50","guid":{"rendered":"https:\/\/plazajuarez.mx\/?p=183028"},"modified":"2021-09-21T08:15:59","modified_gmt":"2021-09-21T13:15:59","slug":"presentan-iniciativa-que-reforma-la-ley-de-proteccion-civil","status":"publish","type":"post","link":"https:\/\/plazajuarez.mx\/historico\/presentan-iniciativa-que-reforma-la-ley-de-proteccion-civil\/","title":{"rendered":"Presentan iniciativa que reforma la Ley de Protecci\u00f3n Civil"},"content":{"rendered":"\n<p class=\"wp-block-paragraph\">Integrantes del Grupo Legislativo del PRI en el Congreso local, presentaron una iniciativa que reforma la Ley de Protecci\u00f3n Civil estatal.<\/p>\n\n\n\n<p class=\"wp-block-paragraph\">Esta iniciativa, inform\u00f3 Roberto Rico Ruiz, diputado del GLPRI, \u201cpropone principalmente armonizar los t\u00e9rminos, acciones e instituciones previstas por la Ley General de Protecci\u00f3n Civil, se toman en cuenta las pol\u00edticas p\u00fablicas de protecci\u00f3n civil enumerando una serie de prioridades\u201d.<\/p>\n\n\n\n<p class=\"wp-block-paragraph\">\u201cLa promoci\u00f3n, desde la ni\u00f1ez de una cultura de responsabilidad social dirigida a la protecci\u00f3n civil con \u00e9nfasis en la prevenci\u00f3n y autoprotecci\u00f3n, la incorporaci\u00f3n de la gesti\u00f3n integral del riesgo, como aspecto fundamental en la planeaci\u00f3n y programaci\u00f3n del desarrollo y ordenamiento del estado para revertir el proceso de generaci\u00f3n de riesgos, entre otras\u201d.<\/p>\n\n\n\n<p class=\"wp-block-paragraph\">Explic\u00f3 que \u201cse contempla&nbsp;la Gesti\u00f3n Integral de Riesgos que considera fases anticipadas a la ocurrencia de un agente perturbador,&nbsp;la corresponsabilidad de&nbsp;los poderes Ejecutivo, Legislativo y Judicial locales, los organismos constitucionales aut\u00f3nomos y los sectores privado y social, as\u00ed como la poblaci\u00f3n en general, en coordinar eficazmente las acciones de Gesti\u00f3n Integral de Riesgos y Protecci\u00f3n Civil, en t\u00e9rminos de la Ley\u201d.<\/p>\n\n\n\n<p class=\"wp-block-paragraph\">\u201cAs\u00ed mismo se observan los principios con los que las autoridades estatales de Protecci\u00f3n Civil, enumeradas en el art\u00edculo anterior, deber\u00e1n actuar, se adiciona el cap\u00edtulo designado al Atlas Estatal de Riesgos y art\u00edculos referentes a las Zonas de Alto Riesgo\u201d.<\/p>\n","protected":false},"excerpt":{"rendered":"<p>Integrantes del Grupo Legislativo del PRI en el Congreso local, presentaron una iniciativa que reforma la Ley de Protecci\u00f3n Civil estatal. Esta iniciativa, inform\u00f3 Roberto Rico Ruiz, diputado del GLPRI, \u201cpropone principalmente armonizar los t\u00e9rminos, acciones e instituciones previstas por la Ley General de Protecci\u00f3n Civil, se toman en cuenta las pol\u00edticas p\u00fablicas de protecci\u00f3n [&hellip;]<\/p>\n","protected":false},"author":93,"featured_media":183029,"comment_status":"closed","ping_status":"closed","sticky":false,"template":"","format":"standard","meta":{"footnotes":""},"categories":[59,2159],"tags":[],"class_list":["post-183028","post","type-post","status-publish","format-standard","has-post-thumbnail","hentry","category-general","category-noticias-de-hidalgo"],"_links":{"self":[{"href":"https:\/\/plazajuarez.mx\/historico\/wp-json\/wp\/v2\/posts\/183028","targetHints":{"allow":["GET"]}}],"collection":[{"href":"https:\/\/plazajuarez.mx\/historico\/wp-json\/wp\/v2\/posts"}],"about":[{"href":"https:\/\/plazajuarez.mx\/historico\/wp-json\/wp\/v2\/types\/post"}],"author":[{"embeddable":true,"href":"https:\/\/plazajuarez.mx\/historico\/wp-json\/wp\/v2\/users\/93"}],"replies":[{"embeddable":true,"href":"https:\/\/plazajuarez.mx\/historico\/wp-json\/wp\/v2\/comments?post=183028"}],"version-history":[{"count":0,"href":"https:\/\/plazajuarez.mx\/historico\/wp-json\/wp\/v2\/posts\/183028\/revisions"}],"wp:featuredmedia":[{"embeddable":true,"href":"https:\/\/plazajuarez.mx\/historico\/wp-json\/wp\/v2\/media\/183029"}],"wp:attachment":[{"href":"https:\/\/plazajuarez.mx\/historico\/wp-json\/wp\/v2\/media?parent=183028"}],"wp:term":[{"taxonomy":"category","embeddable":true,"href":"https:\/\/plazajuarez.mx\/historico\/wp-json\/wp\/v2\/categories?post=183028"},{"taxonomy":"post_tag","embeddable":true,"href":"https:\/\/plazajuarez.mx\/historico\/wp-json\/wp\/v2\/tags?post=183028"}],"curies":[{"name":"wp","href":"https:\/\/api.w.org\/{rel}","templated":true}]}}