{"id":182799,"date":"2021-09-19T17:25:18","date_gmt":"2021-09-19T22:25:18","guid":{"rendered":"https:\/\/plazajuarez.mx\/?p=182799"},"modified":"2021-09-19T17:25:29","modified_gmt":"2021-09-19T22:25:29","slug":"una-rina-en-penal-al-noroeste-de-mexico-deja-tres-muertos-y-un-herido","status":"publish","type":"post","link":"https:\/\/plazajuarez.mx\/historico\/una-rina-en-penal-al-noroeste-de-mexico-deja-tres-muertos-y-un-herido\/","title":{"rendered":"Una ri\u00f1a en penal al noroeste de M\u00e9xico deja tres muertos y un herido"},"content":{"rendered":"\n<p>Una ri\u00f1a a balazos entre reos vinculados al narcotr\u00e1fico dej\u00f3 como saldo tres internos muertos y uno herido, dentro de una de las celdas del penal de Culiac\u00e1n, Sinaloa, en el noroeste de M\u00e9xico, informaron este domingo las autoridades.<\/p>\n\n\n\n<p>Crist\u00f3bal Casta\u00f1eda Camarillo, titular de la Secretar\u00eda de Seguridad P\u00fablica del estado, inform\u00f3 que el hecho sucedi\u00f3 alrededor de las 21.00 hora local del s\u00e1bado (02.00 GMT de hoy) en una celda del m\u00f3dulo 8 del penal en donde se encuentran reos federales y del fuero com\u00fan.<\/p>\n\n\n\n<p>&#8220;Se suscita una ri\u00f1a durante la cual uno de los internos saca una pistola y realiza detonaciones. Lamentablemente hay dos personas muertas y dos heridas\u201d, detall\u00f3 Casta\u00f1eda Camarillo y puntualiz\u00f3 que la madrugada de este domingo uno de los heridos falleci\u00f3 en un hospital de la ciudad.<\/p>\n\n\n\n<p>Asegur\u00f3 que no hubo intento de fuga y que luego de la pelea, uno de los grupos de reos se atrincher\u00f3, por lo que tuvieron que utilizar gas lacrim\u00f3geno para controlarlos.<\/p>\n\n\n\n<p>Dijo que uno de los reos que dispar\u00f3 est\u00e1 identificado y se le asegur\u00f3 un arma de fuego corta.<\/p>\n\n\n\n<p>Polic\u00edas revelaron que uno de los internos que muri\u00f3 fue identificado como Basilio Guadalupe, de 41 a\u00f1os, quien pertenec\u00eda a un grupo de narcos que oper\u00f3 en la sindicatura de Costa Rica, el cual fue detenido por venta de drogas y por el homicidio de cuatro personas a quienes tambi\u00e9n sepultaron en forma clandestina en el 2005.<\/p>\n\n\n\n<p>Esta banda, se\u00f1alaron polic\u00edas, estaba vinculada al Cartel de Sinaloa.<\/p>\n\n\n\n<p>Otro de los reos muertos fue identificado como Miguel \u00c1ngel, de 33 a\u00f1os, quien estaba preso por portaci\u00f3n de arma de fuego de uso exclusivo del Ej\u00e9rcito.<\/p>\n\n\n\n<p>Polic\u00edas revelaron que esta persona y otro de los reos muertos formaron parte del grupo de gatilleros que en marzo del 2020 intentaron rescatar del Hospital General a uno de sus compa\u00f1eros que result\u00f3 herido durante un enfrentamiento en La Loma de Rodriguera, al norte de Culiac\u00e1n.<\/p>\n\n\n\n<p>Sobre la entrada y uso de armas de fuego durante la ri\u00f1a en el penal, Crist\u00f3bal Camarillo dijo que ser\u00e1 la Fiscal\u00eda General de Sinaloa la que realice la investigaci\u00f3n correspondiente.<\/p>\n\n\n\n<p>La Comisi\u00f3n Nacional de Derechos Humanos ha documentado en los \u00faltimos a\u00f1os las malas condiciones en las que opera el Penal de Culiac\u00e1n por las constantes fugas, balaceras y asesinatos que se registran por la pelea que mantienen grupos de reos vinculados al C\u00e1rtel de Sinaloa.<\/p>\n\n\n\n<p>De ese penal, durante el llamado \u201cCuliacanazo\u201d para liberar a Ovidio Guzm\u00e1n, hijo de El Chapo Guzm\u00e1n, el 17 de octubre del 2019, se fugaron 40 reos que supuestamente se integraron al C\u00e1rtel de Sinaloa que ahora dirigen Los Chapitos.&nbsp;<\/p>\n","protected":false},"excerpt":{"rendered":"<p>Una ri\u00f1a a balazos entre reos vinculados al narcotr\u00e1fico dej\u00f3 como saldo tres internos muertos y uno herido, dentro de una de las celdas del penal de Culiac\u00e1n, Sinaloa, en el noroeste de M\u00e9xico, informaron este domingo las autoridades. Crist\u00f3bal Casta\u00f1eda Camarillo, titular de la Secretar\u00eda de Seguridad P\u00fablica del estado, inform\u00f3 que el hecho [&hellip;]<\/p>\n","protected":false},"author":80,"featured_media":182803,"comment_status":"closed","ping_status":"closed","sticky":false,"template":"","format":"standard","meta":{"footnotes":""},"categories":[36],"tags":[],"class_list":["post-182799","post","type-post","status-publish","format-standard","has-post-thumbnail","hentry","category-nacion"],"_links":{"self":[{"href":"https:\/\/plazajuarez.mx\/historico\/wp-json\/wp\/v2\/posts\/182799","targetHints":{"allow":["GET"]}}],"collection":[{"href":"https:\/\/plazajuarez.mx\/historico\/wp-json\/wp\/v2\/posts"}],"about":[{"href":"https:\/\/plazajuarez.mx\/historico\/wp-json\/wp\/v2\/types\/post"}],"author":[{"embeddable":true,"href":"https:\/\/plazajuarez.mx\/historico\/wp-json\/wp\/v2\/users\/80"}],"replies":[{"embeddable":true,"href":"https:\/\/plazajuarez.mx\/historico\/wp-json\/wp\/v2\/comments?post=182799"}],"version-history":[{"count":0,"href":"https:\/\/plazajuarez.mx\/historico\/wp-json\/wp\/v2\/posts\/182799\/revisions"}],"wp:featuredmedia":[{"embeddable":true,"href":"https:\/\/plazajuarez.mx\/historico\/wp-json\/wp\/v2\/media\/182803"}],"wp:attachment":[{"href":"https:\/\/plazajuarez.mx\/historico\/wp-json\/wp\/v2\/media?parent=182799"}],"wp:term":[{"taxonomy":"category","embeddable":true,"href":"https:\/\/plazajuarez.mx\/historico\/wp-json\/wp\/v2\/categories?post=182799"},{"taxonomy":"post_tag","embeddable":true,"href":"https:\/\/plazajuarez.mx\/historico\/wp-json\/wp\/v2\/tags?post=182799"}],"curies":[{"name":"wp","href":"https:\/\/api.w.org\/{rel}","templated":true}]}}