{"id":182786,"date":"2021-09-19T13:48:45","date_gmt":"2021-09-19T18:48:45","guid":{"rendered":"https:\/\/plazajuarez.mx\/?p=182786"},"modified":"2021-09-19T13:48:55","modified_gmt":"2021-09-19T18:48:55","slug":"las-chivas-de-guadalajara-despiden-al-entrenador-victor-manuel-vucetich","status":"publish","type":"post","link":"https:\/\/plazajuarez.mx\/historico\/las-chivas-de-guadalajara-despiden-al-entrenador-victor-manuel-vucetich\/","title":{"rendered":"Las Chivas de Guadalajara despiden al entrenador V\u00edctor Manuel Vucetich"},"content":{"rendered":"\n<p>&nbsp;Las Chivas de Guadalajara despidieron este domingo al entrenador V\u00edctor Manuel Vucetich, horas despu\u00e9s de que el equipo venciera al Pachuca y ascendiera del d\u00e9cimo al s\u00e9ptimo lugar del torneo Apertura del f\u00fatbol mexicano.<\/p>\n\n\n\n<p>&#8220;El Club Deportivo Guadalajara informa que a partir de hoy el profesor V\u00edctor Manuel Vucetich y su cuerpo t\u00e9cnico dejan de formar parte de la instituci\u00f3n; agradecemos el profesionalismo que mostraron en los 13 meses al frente de nuestro equipo&#8221;, dice un comunicado del equipo.<\/p>\n\n\n\n<p>Vucetich, uno de los t\u00e9cnicos m\u00e1s prestigiosos del f\u00fatbol mexicano, con cinco t\u00edtulos de liga, clasific\u00f3 a las Chivas a la semifinal del pasado torneo Apertura 2020 luego de eliminar al Am\u00e9rica, su rival m\u00e1s enconado, pero fue eliminado por el Pachuca en la reclasificaci\u00f3n del Clausura 2021.<\/p>\n\n\n\n<p>En el presente torneo, Guadalajara ha tenido altibajos, sin embargo, al derrotar este s\u00e1bado al Pachuca lleg\u00f3 a 13 unidades, dos menos que el Le\u00f3n, que cierra la zona de clasificaci\u00f3n directa a la liguilla de los ocho mejores.<\/p>\n\n\n\n<p>Vucetich ha tenido que lidiar con ausencias de algunos de sus titulares convocados a selecciones nacionales, con lesiones e indisciplinas, pero no perdi\u00f3 en sus \u00faltimas cuatro apariciones, al empatar sin goles en casa del Monterrey, vencer por 2-1 al Necaxa, igualar sin anotaciones en el estadio de los Pumas UNAM y vencer por 1-0 al Pachuca.<\/p>\n\n\n\n<p>El despido, en un momento en el que el equipo hab\u00eda sumado ocho puntos de 12 posibles sugiere que no est\u00e1 relacionado con el rendimiento, pero el comunicado no lo explica.<\/p>\n\n\n\n<p>&#8220;Queremos destacar todo el trabajo y dedicaci\u00f3n que emplearon en este tiempo para ayudar en la formaci\u00f3n de los j\u00f3venes de nuestra cantera; a algunos de los cuales debut\u00f3 y les dio continuidad&#8221;, agreg\u00f3 el comunicado.<\/p>\n\n\n\n<p>La salida de Vucetich es m\u00e1s sorpresiva porque ocurre a seis d\u00edas de que el Guadalajara enfrente al Am\u00e9rica en el Cl\u00e1sico del f\u00fatbol mexicano.<\/p>\n\n\n\n<p>El comunicado explic\u00f3 que en breve se dar\u00e1 a conocer el sustituto del entrenador.<\/p>\n","protected":false},"excerpt":{"rendered":"<p>&nbsp;Las Chivas de Guadalajara despidieron este domingo al entrenador V\u00edctor Manuel Vucetich, horas despu\u00e9s de que el equipo venciera al Pachuca y ascendiera del d\u00e9cimo al s\u00e9ptimo lugar del torneo Apertura del f\u00fatbol mexicano. &#8220;El Club Deportivo Guadalajara informa que a partir de hoy el profesor V\u00edctor Manuel Vucetich y su cuerpo t\u00e9cnico dejan de [&hellip;]<\/p>\n","protected":false},"author":80,"featured_media":182787,"comment_status":"closed","ping_status":"closed","sticky":false,"template":"","format":"standard","meta":{"footnotes":""},"categories":[39],"tags":[],"class_list":["post-182786","post","type-post","status-publish","format-standard","has-post-thumbnail","hentry","category-deportiva"],"_links":{"self":[{"href":"https:\/\/plazajuarez.mx\/historico\/wp-json\/wp\/v2\/posts\/182786","targetHints":{"allow":["GET"]}}],"collection":[{"href":"https:\/\/plazajuarez.mx\/historico\/wp-json\/wp\/v2\/posts"}],"about":[{"href":"https:\/\/plazajuarez.mx\/historico\/wp-json\/wp\/v2\/types\/post"}],"author":[{"embeddable":true,"href":"https:\/\/plazajuarez.mx\/historico\/wp-json\/wp\/v2\/users\/80"}],"replies":[{"embeddable":true,"href":"https:\/\/plazajuarez.mx\/historico\/wp-json\/wp\/v2\/comments?post=182786"}],"version-history":[{"count":0,"href":"https:\/\/plazajuarez.mx\/historico\/wp-json\/wp\/v2\/posts\/182786\/revisions"}],"wp:featuredmedia":[{"embeddable":true,"href":"https:\/\/plazajuarez.mx\/historico\/wp-json\/wp\/v2\/media\/182787"}],"wp:attachment":[{"href":"https:\/\/plazajuarez.mx\/historico\/wp-json\/wp\/v2\/media?parent=182786"}],"wp:term":[{"taxonomy":"category","embeddable":true,"href":"https:\/\/plazajuarez.mx\/historico\/wp-json\/wp\/v2\/categories?post=182786"},{"taxonomy":"post_tag","embeddable":true,"href":"https:\/\/plazajuarez.mx\/historico\/wp-json\/wp\/v2\/tags?post=182786"}],"curies":[{"name":"wp","href":"https:\/\/api.w.org\/{rel}","templated":true}]}}