{"id":182783,"date":"2021-09-19T13:42:24","date_gmt":"2021-09-19T18:42:24","guid":{"rendered":"https:\/\/plazajuarez.mx\/?p=182783"},"modified":"2021-09-19T13:42:33","modified_gmt":"2021-09-19T18:42:33","slug":"bad-bunny-llego-a-echar-tiros-alfonso-dosal","status":"publish","type":"post","link":"https:\/\/plazajuarez.mx\/historico\/bad-bunny-llego-a-echar-tiros-alfonso-dosal\/","title":{"rendered":"Bad Bunny lleg\u00f3 a echar tiros: Alfonso Dosal"},"content":{"rendered":"\n<p>El estreno de la tercera y \u00faltima temporada de la serie &#8220;Narcos M\u00e9xico 3&#8221; est\u00e1 cada vez m\u00e1s cerca y en redes sociales el elenco sigue aumentando las expectativas y emoci\u00f3n por su llegada como hoy hizo Alfonso Dosal.<\/p>\n\n\n\n<p>El actor subi\u00f3 una foto a su perfil de Instagram en la que aparece junto a Bob y Junior Soto, Manuel Masalva y Benito Mart\u00ednez (nombre real de Bad Bunny).<\/p>\n\n\n\n<p>No es en s\u00ed una foto in\u00e9dita, en realidad se les ve con el mismo vestuario con el que ya aparecieron en las fotos oficiales compartidas hace un par de d\u00edas por Entertainment Weekly s\u00f3lo que tomada de manera m\u00e1s informal.<\/p>\n\n\n\n<p>Entre los comentarios que ha recibido Alfonso en su publicaci\u00f3n hay de los que se preguntan qu\u00e9 hace ah\u00ed Benito, a lo que ha se\u00f1alado que &#8220;vino a echar tiros&#8221;, pero tambi\u00e9n un usuario despistado pregunt\u00f3 &#8220;\u00bfQui\u00e9n es ese de rojo que no est\u00e1 etiquetado?&#8221;, en referencia a la caracterizaci\u00f3n del int\u00e9rprete de trap.<\/p>\n\n\n\n<p>Para la \u00faltima temporada de la serie de Netflix Bad Bunny interpretar\u00e1 a Arturo &#8220;Kitty&#8221; P\u00e1ez en su debut como actor dando vida a uno de los llamados narcojuniors, grupo de j\u00f3venes de la alta sociedad que fueron seducidos por la vida de los c\u00e1rteles.<\/p>\n\n\n\n<p>La historia en la que Diego Luna fue protagonista en sus anteriores temporadas contin\u00faa su desarrollo en los a\u00f1os 90, luego de que el personaje de Luna, el narco F\u00e9lix Gallardo es encarcelado.<\/p>\n\n\n\n<p>Adem\u00e1s llegar\u00e1 con un elenco renovado en el que se suman nombres como el de Luis Gerardo M\u00e9ndez, Alberto Guerra, Luisa Rabino y, por supuesto, Bad Bunny.<\/p>\n","protected":false},"excerpt":{"rendered":"<p>El estreno de la tercera y \u00faltima temporada de la serie &#8220;Narcos M\u00e9xico 3&#8221; est\u00e1 cada vez m\u00e1s cerca y en redes sociales el elenco sigue aumentando las expectativas y emoci\u00f3n por su llegada como hoy hizo Alfonso Dosal. El actor subi\u00f3 una foto a su perfil de Instagram en la que aparece junto a [&hellip;]<\/p>\n","protected":false},"author":81,"featured_media":176830,"comment_status":"closed","ping_status":"closed","sticky":false,"template":"","format":"standard","meta":{"footnotes":""},"categories":[38],"tags":[],"class_list":["post-182783","post","type-post","status-publish","format-standard","has-post-thumbnail","hentry","category-show"],"_links":{"self":[{"href":"https:\/\/plazajuarez.mx\/historico\/wp-json\/wp\/v2\/posts\/182783","targetHints":{"allow":["GET"]}}],"collection":[{"href":"https:\/\/plazajuarez.mx\/historico\/wp-json\/wp\/v2\/posts"}],"about":[{"href":"https:\/\/plazajuarez.mx\/historico\/wp-json\/wp\/v2\/types\/post"}],"author":[{"embeddable":true,"href":"https:\/\/plazajuarez.mx\/historico\/wp-json\/wp\/v2\/users\/81"}],"replies":[{"embeddable":true,"href":"https:\/\/plazajuarez.mx\/historico\/wp-json\/wp\/v2\/comments?post=182783"}],"version-history":[{"count":0,"href":"https:\/\/plazajuarez.mx\/historico\/wp-json\/wp\/v2\/posts\/182783\/revisions"}],"wp:featuredmedia":[{"embeddable":true,"href":"https:\/\/plazajuarez.mx\/historico\/wp-json\/wp\/v2\/media\/176830"}],"wp:attachment":[{"href":"https:\/\/plazajuarez.mx\/historico\/wp-json\/wp\/v2\/media?parent=182783"}],"wp:term":[{"taxonomy":"category","embeddable":true,"href":"https:\/\/plazajuarez.mx\/historico\/wp-json\/wp\/v2\/categories?post=182783"},{"taxonomy":"post_tag","embeddable":true,"href":"https:\/\/plazajuarez.mx\/historico\/wp-json\/wp\/v2\/tags?post=182783"}],"curies":[{"name":"wp","href":"https:\/\/api.w.org\/{rel}","templated":true}]}}