{"id":182777,"date":"2021-09-19T13:28:52","date_gmt":"2021-09-19T18:28:52","guid":{"rendered":"https:\/\/plazajuarez.mx\/?p=182777"},"modified":"2021-09-19T13:29:05","modified_gmt":"2021-09-19T18:29:05","slug":"cuatro-anos-despues-del-terremoto-ciudad-de-mexico-avanza-con-cautela","status":"publish","type":"post","link":"https:\/\/plazajuarez.mx\/historico\/cuatro-anos-despues-del-terremoto-ciudad-de-mexico-avanza-con-cautela\/","title":{"rendered":"Cuatro a\u00f1os despu\u00e9s del terremoto Ciudad de M\u00e9xico avanza con cautela"},"content":{"rendered":"\n<p>&nbsp;La Ciudad de M\u00e9xico recuerda el sismo del 19 de septiembre de 2017 con una cautelosa satisfacci\u00f3n por los avances en la reconstrucci\u00f3n pero nuevos reclamos y el miedo de que vuelva a temblar, como sucedi\u00f3 el pasado 7 de septiembre, y salgan a relucir fallas pasadas.<\/p>\n\n\n\n<p>&#8220;Vamos a cumplir cuatro a\u00f1os desde el sismo. La propaganda de este Gobierno es que se van restituyendo derechos, y es cierto en algunos casos, pero faltan muchos&#8221;, dijo a Efe Karina Sol\u00eds, vecina de Tl\u00e1huac cuya casa fue reconstruida.<\/p>\n\n\n\n<p>Tl\u00e1huac, una alcald\u00eda ubicada en el sureste de la Ciudad de M\u00e9xico, es una de las zonas m\u00e1s humildes y pobladas del pa\u00eds. Fue una de las m\u00e1s da\u00f1adas por el sismo dentro de capital y la colonia (barrio) Del Mar, donde reside Karina, la m\u00e1s afectada.<\/p>\n\n\n\n<p>Ella, junto a muchos de sus vecinos, desde 2017 se han plantado ante las autoridades para reclamar que todas y cada una de las personas afectadas en su colonia puedan tener una vivienda digna.<\/p>\n\n\n\n<p>Entre todos logran que se les escuche.<\/p>\n\n\n\n<p>BUENAS CIFRAS<\/p>\n\n\n\n<p>&#8220;Hasta la fecha m\u00e1s de 40.000 familias han podido regresar a sus casas y hemos otorgado m\u00e1s de 210.000 apoyos a renta&#8221;, detall\u00f3 a Efe Jabnely Maldonado, comisionada para la Reconstrucci\u00f3n de la Ciudad de M\u00e9xico desde julio de 2021.<\/p>\n\n\n\n<p>Refiri\u00f3 que al inicio del Gobierno del presidente Andr\u00e9s Manuel L\u00f3pez Obrador se registraron 25.581 casas y departamentos que ten\u00edan que ser rehabilitados o reconstruidos.<\/p>\n\n\n\n<p>&#8220;A la fecha hemos entregado 4.952 casas rehabilitadas y reconstruidas y traemos en obra m\u00e1s de 1.700 que ser\u00e1n entregadas. Tenemos 370 edificios registrados con da\u00f1o, de los que 166 fueron entregados, 81 en obra y 123 est\u00e1n en proceso&#8221;, detall\u00f3.<\/p>\n\n\n\n<p>Adem\u00e1s, ya hay un segundo censo en el que se incluyen 5.469 casas y ya iniciaron la primera etapa de casi 1.000 viviendas a reconstruir que estar\u00e1n terminadas en diciembre &#8220;y enseguida empezar la siguiente etapa&#8221;, explic\u00f3 la comisionada.<\/p>\n\n\n\n<p>Con una pandemia de por medio que se prolong\u00f3 m\u00e1s de lo previsto, la funcionaria consider\u00f3 que el tiempo ha terminado por ser un aprendizaje.<\/p>\n\n\n\n<p>Cuatro a\u00f1os despu\u00e9s del sismo de 7,1 que dej\u00f3 como saldo 369 fallecidos y miles de casas da\u00f1adas en la capital, Maldonado ha tratado de recuperar el di\u00e1logo, luego de que otras autoridades ya no contaban con la simpat\u00eda de los miembros Damnificados Unidos, organizaci\u00f3n que se cre\u00f3 por los afectados de 2017.<\/p>\n\n\n\n<p>Ella reconoce que todav\u00eda hay margen de mejora &#8220;en la comunicaci\u00f3n&#8221; con los afectados, pero insiste en que para el Gobierno de la ciudad, liderado por Claudia Sheinbaum, la reconstrucci\u00f3n &#8220;es prioritaria&#8221;.<\/p>\n\n\n\n<p>ASUNTOS POR RESOLVER<\/p>\n\n\n\n<p>Los damnificados coincidieron en las fallas de comunicaci\u00f3n con el Gobierno e insisten en que a pesar de que el proceso de reconstrucci\u00f3n est\u00e1 ya encaminado y pronto llegar\u00e1 a su fin, quedan cosas sin resolver y algunos est\u00e1n decepcionados con los resultados.<\/p>\n\n\n\n<p>&#8220;Aqu\u00ed en la unidad ya se entregaron los 500 departamentos de los 10 edificios en febrero de 2020. Si bien el reforzamiento estructural est\u00e1 bien, hemos tenido algunas dificultades que con el poco tiempo que tiene de haber sido rehabilitado el inmueble no deber\u00edan haber estado ocurriendo&#8221;, comparti\u00f3 a Efe Juan Carlos Miranda, vecino del Multifamiliar Tlalpan.<\/p>\n\n\n\n<p>En este lugar, ubicado en el sur de la capital, fallecieron nueve personas al colapsar uno de los edificios. De los 11 inmuebles tuvieron que desalojar todos salvo dos.<\/p>\n\n\n\n<p>Despu\u00e9s de m\u00e1s de dos a\u00f1os de obras, en 2020 lograron regresar a casa donde ahora se sienten seguros.<\/p>\n\n\n\n<p>Sin embargo, el moho en las paredes tiene asustados a los padres de familia, las filtraciones preocupan a quienes salen a trabajar cada ma\u00f1ana y las puertas ya estropeadas generan frustraci\u00f3n a quienes tuvieron que esperar para regresar.<\/p>\n\n\n\n<p>&#8220;Conseguimos la recuperaci\u00f3n pero no termina la lucha, seguimos en eso aunque ha sido bastante desgastante&#8221;, confes\u00f3 Juan Carlos.<\/p>\n\n\n\n<p>Y precisamente &#8220;desgastante&#8221; es la palabra que elige Karina al explicar que por muchos avances que haya en la reconstrucci\u00f3n, la periferia de la Ciudad de M\u00e9xico siempre sufre &#8220;m\u00e1s que el resto&#8221;.<\/p>\n\n\n\n<p>&#8220;En Tl\u00e1huac e Iztapalapa (municipio colindante) tenemos otro problema que es el suelo: no solo perdimos la casa, tenemos tambi\u00e9n el miedo de perder el suelo, lo que compramos&#8221;, relat\u00f3.<\/p>\n\n\n\n<p>Las calles de la colonia Del Mar lucen con grandes desniveles en el suelo, hoyos enormes tras las casas, baches inmensos fruto de las lluvias y acumulaciones de agua justo encima de los sumideros.<\/p>\n\n\n\n<p>&#8220;\u00bfQu\u00e9 va a pasar si vuelve a temblar?&#8221;, se pregunta Karina.<\/p>\n\n\n\n<p>Seg\u00fan Maldonado, el compromiso es que antes de que concluya el Gobierno de L\u00f3pez Obrador, en 2023 estar\u00e1 totalmente finalizada la reconstrucci\u00f3n; y asegur\u00f3 que est\u00e1n en constante trabajo para que los vecinos puedan explicarles su situaci\u00f3n y compartir sus reclamos.<\/p>\n\n\n\n<p>&#8220;A todas las familias que est\u00e1n a\u00fan en espera de ser atendidos agradecer su paciencia. No vamos a dejar de trabajar hasta que todos regresen a casa&#8221;, concluy\u00f3.<\/p>\n","protected":false},"excerpt":{"rendered":"<p>&nbsp;La Ciudad de M\u00e9xico recuerda el sismo del 19 de septiembre de 2017 con una cautelosa satisfacci\u00f3n por los avances en la reconstrucci\u00f3n pero nuevos reclamos y el miedo de que vuelva a temblar, como sucedi\u00f3 el pasado 7 de septiembre, y salgan a relucir fallas pasadas. &#8220;Vamos a cumplir cuatro a\u00f1os desde el sismo. [&hellip;]<\/p>\n","protected":false},"author":80,"featured_media":182778,"comment_status":"closed","ping_status":"closed","sticky":false,"template":"","format":"standard","meta":{"footnotes":""},"categories":[36],"tags":[],"class_list":["post-182777","post","type-post","status-publish","format-standard","has-post-thumbnail","hentry","category-nacion"],"_links":{"self":[{"href":"https:\/\/plazajuarez.mx\/historico\/wp-json\/wp\/v2\/posts\/182777","targetHints":{"allow":["GET"]}}],"collection":[{"href":"https:\/\/plazajuarez.mx\/historico\/wp-json\/wp\/v2\/posts"}],"about":[{"href":"https:\/\/plazajuarez.mx\/historico\/wp-json\/wp\/v2\/types\/post"}],"author":[{"embeddable":true,"href":"https:\/\/plazajuarez.mx\/historico\/wp-json\/wp\/v2\/users\/80"}],"replies":[{"embeddable":true,"href":"https:\/\/plazajuarez.mx\/historico\/wp-json\/wp\/v2\/comments?post=182777"}],"version-history":[{"count":0,"href":"https:\/\/plazajuarez.mx\/historico\/wp-json\/wp\/v2\/posts\/182777\/revisions"}],"wp:featuredmedia":[{"embeddable":true,"href":"https:\/\/plazajuarez.mx\/historico\/wp-json\/wp\/v2\/media\/182778"}],"wp:attachment":[{"href":"https:\/\/plazajuarez.mx\/historico\/wp-json\/wp\/v2\/media?parent=182777"}],"wp:term":[{"taxonomy":"category","embeddable":true,"href":"https:\/\/plazajuarez.mx\/historico\/wp-json\/wp\/v2\/categories?post=182777"},{"taxonomy":"post_tag","embeddable":true,"href":"https:\/\/plazajuarez.mx\/historico\/wp-json\/wp\/v2\/tags?post=182777"}],"curies":[{"name":"wp","href":"https:\/\/api.w.org\/{rel}","templated":true}]}}