{"id":182771,"date":"2021-09-19T13:11:41","date_gmt":"2021-09-19T18:11:41","guid":{"rendered":"https:\/\/plazajuarez.mx\/?p=182771"},"modified":"2021-09-19T13:11:51","modified_gmt":"2021-09-19T18:11:51","slug":"el-papa-muestra-su-cercania-por-las-inundaciones-en-mexico-y-los-fallecidos-en-el-hospital","status":"publish","type":"post","link":"https:\/\/plazajuarez.mx\/historico\/el-papa-muestra-su-cercania-por-las-inundaciones-en-mexico-y-los-fallecidos-en-el-hospital\/","title":{"rendered":"El papa muestra su cercan\u00eda por las inundaciones en M\u00e9xico y los fallecidos en el hospital"},"content":{"rendered":"\n<p>El papa Francisco mostr\u00f3 hoy su cercan\u00eda a los afectados por las inundaciones en el Estado de Hidalgo, en M\u00e9xico, y en especial a los enfermos y familiares de los fallecidos en el hospital tras el desbordamiento del r\u00edo Tula.<\/p>\n\n\n\n<p>Francisco record\u00f3 la inundaci\u00f3n tras el rezo del \u00e1ngelus dominical en la plaza de San Pedro del Vaticano.<\/p>\n\n\n\n<p>Debido al desbordamiento del r\u00edo Tula fallecieron 17 pacientes por la inundaci\u00f3n en el Hospital General de Zona N\u00famero 5 del Instituto Mexicano del Seguro Social (IMSS) en el estado de Hidalgo.<\/p>\n\n\n\n<p>Las torrenciales lluvias provocaron graves inundaciones en Hidalgo, pero tambi\u00e9n en Tultitl\u00e1n, Naucalpan, Ecatepec y Coacalco.<\/p>\n","protected":false},"excerpt":{"rendered":"<p>El papa Francisco mostr\u00f3 hoy su cercan\u00eda a los afectados por las inundaciones en el Estado de Hidalgo, en M\u00e9xico, y en especial a los enfermos y familiares de los fallecidos en el hospital tras el desbordamiento del r\u00edo Tula. Francisco record\u00f3 la inundaci\u00f3n tras el rezo del \u00e1ngelus dominical en la plaza de San [&hellip;]<\/p>\n","protected":false},"author":80,"featured_media":182772,"comment_status":"closed","ping_status":"closed","sticky":false,"template":"","format":"standard","meta":{"footnotes":""},"categories":[36],"tags":[],"class_list":["post-182771","post","type-post","status-publish","format-standard","has-post-thumbnail","hentry","category-nacion"],"_links":{"self":[{"href":"https:\/\/plazajuarez.mx\/historico\/wp-json\/wp\/v2\/posts\/182771","targetHints":{"allow":["GET"]}}],"collection":[{"href":"https:\/\/plazajuarez.mx\/historico\/wp-json\/wp\/v2\/posts"}],"about":[{"href":"https:\/\/plazajuarez.mx\/historico\/wp-json\/wp\/v2\/types\/post"}],"author":[{"embeddable":true,"href":"https:\/\/plazajuarez.mx\/historico\/wp-json\/wp\/v2\/users\/80"}],"replies":[{"embeddable":true,"href":"https:\/\/plazajuarez.mx\/historico\/wp-json\/wp\/v2\/comments?post=182771"}],"version-history":[{"count":0,"href":"https:\/\/plazajuarez.mx\/historico\/wp-json\/wp\/v2\/posts\/182771\/revisions"}],"wp:featuredmedia":[{"embeddable":true,"href":"https:\/\/plazajuarez.mx\/historico\/wp-json\/wp\/v2\/media\/182772"}],"wp:attachment":[{"href":"https:\/\/plazajuarez.mx\/historico\/wp-json\/wp\/v2\/media?parent=182771"}],"wp:term":[{"taxonomy":"category","embeddable":true,"href":"https:\/\/plazajuarez.mx\/historico\/wp-json\/wp\/v2\/categories?post=182771"},{"taxonomy":"post_tag","embeddable":true,"href":"https:\/\/plazajuarez.mx\/historico\/wp-json\/wp\/v2\/tags?post=182771"}],"curies":[{"name":"wp","href":"https:\/\/api.w.org\/{rel}","templated":true}]}}