{"id":182768,"date":"2021-09-19T13:01:01","date_gmt":"2021-09-19T18:01:01","guid":{"rendered":"https:\/\/plazajuarez.mx\/?p=182768"},"modified":"2021-09-19T13:01:14","modified_gmt":"2021-09-19T18:01:14","slug":"haiti-expresa-preocupacion-por-sus-ciudadanos-en-la-frontera-de-mexico-y-ee-uu","status":"publish","type":"post","link":"https:\/\/plazajuarez.mx\/historico\/haiti-expresa-preocupacion-por-sus-ciudadanos-en-la-frontera-de-mexico-y-ee-uu\/","title":{"rendered":"Hait\u00ed expresa preocupaci\u00f3n por sus ciudadanos en la frontera de M\u00e9xico y EE.UU."},"content":{"rendered":"\n<p>El Gobierno de Hait\u00ed expres\u00f3 este domingo su preocupaci\u00f3n por la &#8220;dif\u00edcil&#8221; situaci\u00f3n de miles de sus ciudadanos en un campamento improvisado bajo el puente internacional de Del R\u00edo, en la frontera de Texas con M\u00e9xico, a la espera de entrar en Estados Unidos, que prepara su deportaci\u00f3n.<\/p>\n\n\n\n<p>&#8220;Estamos muy preocupados por las condiciones extremadamente dif\u00edciles en las que viven varios miles de nuestros compatriotas en la frontera entre Estados Unidos y M\u00e9xico&#8221;, escribi\u00f3 el primer ministro de Hait\u00ed, Ariel Henry, en su cuenta de Twitter.<\/p>\n\n\n\n<p>Henry llam\u00f3 a la uni\u00f3n nacional para &#8220;dar una oportunidad al pa\u00eds&#8221; y evitar que los haitianos sigan viviendo este tipo de &#8220;humillaciones&#8221;.<\/p>\n\n\n\n<p>&#8220;Al tiempo que renovamos nuestra plena solidaridad con ellos, queremos asegurarles que ya se han tomado medidas para ofrecerles una mejor acogida a su regreso al pa\u00eds&#8221;, continu\u00f3.<\/p>\n\n\n\n<p>&#8220;No se quedar\u00e1n atr\u00e1s&#8221;, prometi\u00f3, mientras les daba la bienvenida con un proverbio muy utilizado por los haitianos: &#8220;Lakay se Lakay (La casa sigue siendo la casa)&#8221;.<\/p>\n\n\n\n<p>Desde el agravamiento de la crisis socioecon\u00f3mica y pol\u00edtica en 2018, varios miles de haitianos han abandonado su pa\u00eds para ir a M\u00e9xico, Estados Unidos y Rep\u00fablica Dominicana entre otros.<\/p>\n\n\n\n<p>En el pasado, la mayor\u00eda de los haitianos que decid\u00edan abandonar el pa\u00eds eran analfabetos, pero en los \u00faltimos tiempos son profesionales y universitarios, que se marchan en busca de una vida mejor en otro lugar.<\/p>\n\n\n\n<p>Adem\u00e1s, cientos de haitianos que viv\u00edan en Am\u00e9rica Latina, sobre todo en Chile, Brasil y Ecuador, est\u00e1n realizando un largo viaje a trav\u00e9s de m\u00e1s de una docena de pa\u00edses para intentar llegar a Estados Unidos.<\/p>\n\n\n\n<p>Cerca de 13.000 inmigrantes irregulares, en su mayor\u00eda haitianos, est\u00e1n retenidos por las autoridades migratorias estadounidenses en un campamento improvisado debajo el puente internacional que une Del R\u00edo (Texas) con Ciudad Acu\u00f1a (M\u00e9xico).<\/p>\n\n\n\n<p>Los migrantes han estado cruzando desde el pasado martes a Estados Unidos y han desbordado a las autoridades migratorias, que improvisaron el campamento a la espera de ir procesando solicitudes de asilo.<\/p>\n\n\n\n<p>Seg\u00fan medios estadounidenses, el Gobierno de Estados Unidos prepara el env\u00edo de m\u00faltiples vuelos de deportaci\u00f3n a Hait\u00ed para desalentar la llegada masiva de ciudadanos de esta naci\u00f3n.<\/p>\n","protected":false},"excerpt":{"rendered":"<p>El Gobierno de Hait\u00ed expres\u00f3 este domingo su preocupaci\u00f3n por la &#8220;dif\u00edcil&#8221; situaci\u00f3n de miles de sus ciudadanos en un campamento improvisado bajo el puente internacional de Del R\u00edo, en la frontera de Texas con M\u00e9xico, a la espera de entrar en Estados Unidos, que prepara su deportaci\u00f3n. &#8220;Estamos muy preocupados por las condiciones extremadamente [&hellip;]<\/p>\n","protected":false},"author":80,"featured_media":182769,"comment_status":"closed","ping_status":"closed","sticky":false,"template":"","format":"standard","meta":{"footnotes":""},"categories":[36],"tags":[],"class_list":["post-182768","post","type-post","status-publish","format-standard","has-post-thumbnail","hentry","category-nacion"],"_links":{"self":[{"href":"https:\/\/plazajuarez.mx\/historico\/wp-json\/wp\/v2\/posts\/182768","targetHints":{"allow":["GET"]}}],"collection":[{"href":"https:\/\/plazajuarez.mx\/historico\/wp-json\/wp\/v2\/posts"}],"about":[{"href":"https:\/\/plazajuarez.mx\/historico\/wp-json\/wp\/v2\/types\/post"}],"author":[{"embeddable":true,"href":"https:\/\/plazajuarez.mx\/historico\/wp-json\/wp\/v2\/users\/80"}],"replies":[{"embeddable":true,"href":"https:\/\/plazajuarez.mx\/historico\/wp-json\/wp\/v2\/comments?post=182768"}],"version-history":[{"count":0,"href":"https:\/\/plazajuarez.mx\/historico\/wp-json\/wp\/v2\/posts\/182768\/revisions"}],"wp:featuredmedia":[{"embeddable":true,"href":"https:\/\/plazajuarez.mx\/historico\/wp-json\/wp\/v2\/media\/182769"}],"wp:attachment":[{"href":"https:\/\/plazajuarez.mx\/historico\/wp-json\/wp\/v2\/media?parent=182768"}],"wp:term":[{"taxonomy":"category","embeddable":true,"href":"https:\/\/plazajuarez.mx\/historico\/wp-json\/wp\/v2\/categories?post=182768"},{"taxonomy":"post_tag","embeddable":true,"href":"https:\/\/plazajuarez.mx\/historico\/wp-json\/wp\/v2\/tags?post=182768"}],"curies":[{"name":"wp","href":"https:\/\/api.w.org\/{rel}","templated":true}]}}