{"id":182752,"date":"2021-09-19T10:13:53","date_gmt":"2021-09-19T15:13:53","guid":{"rendered":"https:\/\/plazajuarez.mx\/?p=182752"},"modified":"2021-09-19T10:14:13","modified_gmt":"2021-09-19T15:14:13","slug":"cine-de-manana-64","status":"publish","type":"post","link":"https:\/\/plazajuarez.mx\/historico\/cine-de-manana-64\/","title":{"rendered":"CINE DE MA\u00d1ANA"},"content":{"rendered":"\n<h2 class=\"wp-block-heading\"><strong>Solidaridad femenina<\/strong><\/h2>\n\n\n\n<p>Ya durante la conferencia de prensa de la VI edici\u00f3n de Talento Emergente, el director de programaci\u00f3n Nelson Carro, hab\u00eda se\u00f1alado la predominancia de cintas sobre temas femeninos.<\/p>\n\n\n\n<p><em>Adam: mujeres en Casablanca<\/em>, el primer largometraje de Maryan Touzani lo confirma.<\/p>\n\n\n\n<p>Basada en un gui\u00f3n de la propia realizadora, nacida en T\u00e1nger en 1988, narra la historia de Samia (Nisrin Erradi), una joven que ha quedado embarazada, y que infructuosamente busca trabajo en Casablanca.<\/p>\n\n\n\n<p>Se trata de una estilista que fue despedida por su embarazo y que es incapaz de contar la verdad a sus padres, porque la repudiar\u00edan.<\/p>\n\n\n\n<p>La peque\u00f1a Warda (Douae Belkhaouda) convence a su madre, la hosca viuda Abla (Lubna Azabal), que le d\u00e9 asilo y posteriormente trabajo en su peque\u00f1a panader\u00eda, que comienza a prosperar gracias a las novedades que cocina la reci\u00e9n llegada.<\/p>\n\n\n\n<p>Abla no se muestra muy de acuerdo con los planes de Samia, que pretende dar a su hijo en adopci\u00f3n \u201cpara evitar que Adam sea se\u00f1alado como un bastardo\u201d .<\/p>\n\n\n\n<p>Pese a la sencillez de su planteamiento, este retrato femenino resulta muy poderoso gracias a la espl\u00e9ndida actuaci\u00f3n de la pareja central.<\/p>\n\n\n\n<p>Lubna Azabal mostr\u00f3 su talento desde <em>La mujer que cantaba<\/em> y en <em>Coriolanus<\/em>, mientras que Nisrin ha destacado en filmes como <em>Prende le large<\/em> de Gael Morel.<em>Adam<\/em> ha obtenido premios en festivales tan distantes como el de Ashland o el de Cartago y resulta un conmovedor filme altamente recomendable.&nbsp;<\/p>\n","protected":false},"excerpt":{"rendered":"<p>Solidaridad femenina Ya durante la conferencia de prensa de la VI edici\u00f3n de Talento Emergente, el director de programaci\u00f3n Nelson Carro, hab\u00eda se\u00f1alado la predominancia de cintas sobre temas femeninos. Adam: mujeres en Casablanca, el primer largometraje de Maryan Touzani lo confirma. Basada en un gui\u00f3n de la propia realizadora, nacida en T\u00e1nger en 1988, [&hellip;]<\/p>\n","protected":false},"author":96,"featured_media":182753,"comment_status":"closed","ping_status":"closed","sticky":false,"template":"","format":"standard","meta":{"footnotes":""},"categories":[41,54,42],"tags":[],"class_list":["post-182752","post","type-post","status-publish","format-standard","has-post-thumbnail","hentry","category-arteria-cultural","category-jorge-carrasco","category-nuestrapalabra"],"_links":{"self":[{"href":"https:\/\/plazajuarez.mx\/historico\/wp-json\/wp\/v2\/posts\/182752","targetHints":{"allow":["GET"]}}],"collection":[{"href":"https:\/\/plazajuarez.mx\/historico\/wp-json\/wp\/v2\/posts"}],"about":[{"href":"https:\/\/plazajuarez.mx\/historico\/wp-json\/wp\/v2\/types\/post"}],"author":[{"embeddable":true,"href":"https:\/\/plazajuarez.mx\/historico\/wp-json\/wp\/v2\/users\/96"}],"replies":[{"embeddable":true,"href":"https:\/\/plazajuarez.mx\/historico\/wp-json\/wp\/v2\/comments?post=182752"}],"version-history":[{"count":0,"href":"https:\/\/plazajuarez.mx\/historico\/wp-json\/wp\/v2\/posts\/182752\/revisions"}],"wp:featuredmedia":[{"embeddable":true,"href":"https:\/\/plazajuarez.mx\/historico\/wp-json\/wp\/v2\/media\/182753"}],"wp:attachment":[{"href":"https:\/\/plazajuarez.mx\/historico\/wp-json\/wp\/v2\/media?parent=182752"}],"wp:term":[{"taxonomy":"category","embeddable":true,"href":"https:\/\/plazajuarez.mx\/historico\/wp-json\/wp\/v2\/categories?post=182752"},{"taxonomy":"post_tag","embeddable":true,"href":"https:\/\/plazajuarez.mx\/historico\/wp-json\/wp\/v2\/tags?post=182752"}],"curies":[{"name":"wp","href":"https:\/\/api.w.org\/{rel}","templated":true}]}}