{"id":182748,"date":"2021-09-19T10:10:22","date_gmt":"2021-09-19T15:10:22","guid":{"rendered":"https:\/\/plazajuarez.mx\/?p=182748"},"modified":"2021-09-19T10:10:39","modified_gmt":"2021-09-19T15:10:39","slug":"indignacion-contra-los-talibanes","status":"publish","type":"post","link":"https:\/\/plazajuarez.mx\/historico\/indignacion-contra-los-talibanes\/","title":{"rendered":"Indignaci\u00f3n contra los talibanes"},"content":{"rendered":"\n<p>EFE.- Las muestras de indignaci\u00f3n se repitieron en Afganist\u00e1n despu\u00e9s de que los talibanes decidieran que solo los varones regresar\u00edan ayer a las aulas de secundaria, tras un mes de cierre, mientras las estudiantes deber\u00e1n permanecer en casa, en un nuevo gesto de los radicales islamistas contra los derechos femeninos.<\/p>\n\n\n\n<p>&#8220;Anoche no dorm\u00ed, toda la noche estuve pensando en mis hijas. Llevaban m\u00e1s de un mes en casa y esperaban ansiosamente la reapertura de las escuelas. Pero el Gobierno (talib\u00e1n) s\u00f3lo permiti\u00f3 a los chicos retomar las clases&#8221;, afirm\u00f3 Sakina, de 38 a\u00f1os.<\/p>\n\n\n\n<p>Sus hijas Hasina, de 16 a\u00f1os, y Adila, de 14, lloran desconsoladas desde que se enteraron de que a\u00fan no podr\u00e1n regresar a la escuela. Por ahora solo las ni\u00f1as de educaci\u00f3n primaria han podido regresar a sus aulas.<\/p>\n","protected":false},"excerpt":{"rendered":"<p>EFE.- Las muestras de indignaci\u00f3n se repitieron en Afganist\u00e1n despu\u00e9s de que los talibanes decidieran que solo los varones regresar\u00edan ayer a las aulas de secundaria, tras un mes de cierre, mientras las estudiantes deber\u00e1n permanecer en casa, en un nuevo gesto de los radicales islamistas contra los derechos femeninos. &#8220;Anoche no dorm\u00ed, toda la [&hellip;]<\/p>\n","protected":false},"author":80,"featured_media":182749,"comment_status":"closed","ping_status":"closed","sticky":false,"template":"","format":"standard","meta":{"footnotes":""},"categories":[31],"tags":[],"class_list":["post-182748","post","type-post","status-publish","format-standard","has-post-thumbnail","hentry","category-orbe"],"_links":{"self":[{"href":"https:\/\/plazajuarez.mx\/historico\/wp-json\/wp\/v2\/posts\/182748","targetHints":{"allow":["GET"]}}],"collection":[{"href":"https:\/\/plazajuarez.mx\/historico\/wp-json\/wp\/v2\/posts"}],"about":[{"href":"https:\/\/plazajuarez.mx\/historico\/wp-json\/wp\/v2\/types\/post"}],"author":[{"embeddable":true,"href":"https:\/\/plazajuarez.mx\/historico\/wp-json\/wp\/v2\/users\/80"}],"replies":[{"embeddable":true,"href":"https:\/\/plazajuarez.mx\/historico\/wp-json\/wp\/v2\/comments?post=182748"}],"version-history":[{"count":0,"href":"https:\/\/plazajuarez.mx\/historico\/wp-json\/wp\/v2\/posts\/182748\/revisions"}],"wp:featuredmedia":[{"embeddable":true,"href":"https:\/\/plazajuarez.mx\/historico\/wp-json\/wp\/v2\/media\/182749"}],"wp:attachment":[{"href":"https:\/\/plazajuarez.mx\/historico\/wp-json\/wp\/v2\/media?parent=182748"}],"wp:term":[{"taxonomy":"category","embeddable":true,"href":"https:\/\/plazajuarez.mx\/historico\/wp-json\/wp\/v2\/categories?post=182748"},{"taxonomy":"post_tag","embeddable":true,"href":"https:\/\/plazajuarez.mx\/historico\/wp-json\/wp\/v2\/tags?post=182748"}],"curies":[{"name":"wp","href":"https:\/\/api.w.org\/{rel}","templated":true}]}}