{"id":1822,"date":"2015-03-06T06:00:00","date_gmt":"2015-03-06T06:00:00","guid":{"rendered":"http:\/\/plazajuarez.mx\/index\/index.php\/2015\/03\/06\/muy-grave-que-se-congele-regimen-fiscal-a-empresas-harp-helu\/"},"modified":"2015-03-06T06:00:00","modified_gmt":"2015-03-06T06:00:00","slug":"muy-grave-que-se-congele-regimen-fiscal-a-empresas-harp-helu","status":"publish","type":"post","link":"https:\/\/plazajuarez.mx\/historico\/muy-grave-que-se-congele-regimen-fiscal-a-empresas-harp-helu\/","title":{"rendered":"&#8220;Muy grave&#8221;, que se congele r\u00e9gimen  fiscal a empresas: Harp Hel\u00fa"},"content":{"rendered":"<ul>\n<li><strong><strong>\u201cEn las \u00faltimas d\u00e9cadas se han vivido en M\u00e9xico todo tipo de crisis, aunque\u2026 \u00e9sta si me preocupa socialmente&#8221;<\/strong><\/strong> <!--more--> <\/li>\n<\/ul>\n<p>M\u00e9xico, DF.- La decisi\u00f3n del gobierno federal de no modificar por dos a\u00f1os el r\u00e9gimen fiscal aplicable a las empresas en un entorno como el actual de lenta recuperaci\u00f3n del crecimiento fue calificada como &#8220;muy grave&#8221; por el banquero, empresario y fil\u00e1ntropo Alfredo Harp Hel\u00fa, presidente honorario del consejo de administraci\u00f3n del Grupo Financiero Banamex. Asegur\u00f3 estar &#8220;preocupado&#8221; por la crisis social.<\/p>\n<p>&#8220;No estoy en nada de acuerdo con la decisi\u00f3n del gobierno de no cambiar durante dos a\u00f1os el Impuesto sobre la Renta&#8221;, afirm\u00f3, al participar ayer en el Value Investment Forum (VIF). &#8220;Es necesario que se convoque a un periodo extraordinario (para tratar el tema del impuesto sobre la renta a las empresas) al Congreso; es muy grave lo que est\u00e1 pasando y todos estamos en desacuerdo&#8221;, dijo Harp Hel\u00fa al ser interrogado respecto de si el gobierno ha sido un obst\u00e1culo para la actividad empresarial.<\/p>\n<p>Harp se\u00f1al\u00f3 que en las \u00faltimas d\u00e9cadas se han vivido en M\u00e9xico todo tipo de crisis, aunque asegur\u00f3 que &#8220;\u00e9sta si me preocupa socialmente&#8221;. Las cosas, indic\u00f3, &#8220;deben mejorar de inmediato&#8221;. &#8220;A pesar de todo, seguimos mandando comunicaciones de c\u00f3mo salir adelante. No vamos a hacer la tarea ni a dar instrucciones a los que gobiernan&#8221;, sostuvo Harp Hel\u00ed.<\/p>\n<p>A pesar de que la carga fiscal de las empresas, elevada a partir del a\u00f1o pasado como parte de la reforma fiscal que increment\u00f3 tasas impositivas y redujo los rubros que las firmas privadas pueden deducir -como las relacionadas con la seguridad social- es motivo de preocupaci\u00f3n para el empresariado, Harp Hel\u00fa expuso que &#8220;el empresariado va bien. Lo que s\u00ed, y estamos seguros, es que el empresariado va muy bien y algo nos dice eso, que vamos muy bien. Todos los empresarios nos hemos adaptado para que vayamos mejor&#8221;, dijo. (Agencias)<\/p>\n","protected":false},"excerpt":{"rendered":"<p>\u201cEn las \u00faltimas d\u00e9cadas se han vivido en M\u00e9xico todo tipo de crisis, aunque\u2026 \u00e9sta si me preocupa socialmente&#8221;<\/p>\n","protected":false},"author":93,"featured_media":0,"comment_status":"open","ping_status":"open","sticky":false,"template":"","format":"standard","meta":{"footnotes":""},"categories":[36],"tags":[],"class_list":["post-1822","post","type-post","status-publish","format-standard","hentry","category-nacion"],"_links":{"self":[{"href":"https:\/\/plazajuarez.mx\/historico\/wp-json\/wp\/v2\/posts\/1822","targetHints":{"allow":["GET"]}}],"collection":[{"href":"https:\/\/plazajuarez.mx\/historico\/wp-json\/wp\/v2\/posts"}],"about":[{"href":"https:\/\/plazajuarez.mx\/historico\/wp-json\/wp\/v2\/types\/post"}],"author":[{"embeddable":true,"href":"https:\/\/plazajuarez.mx\/historico\/wp-json\/wp\/v2\/users\/93"}],"replies":[{"embeddable":true,"href":"https:\/\/plazajuarez.mx\/historico\/wp-json\/wp\/v2\/comments?post=1822"}],"version-history":[{"count":0,"href":"https:\/\/plazajuarez.mx\/historico\/wp-json\/wp\/v2\/posts\/1822\/revisions"}],"wp:attachment":[{"href":"https:\/\/plazajuarez.mx\/historico\/wp-json\/wp\/v2\/media?parent=1822"}],"wp:term":[{"taxonomy":"category","embeddable":true,"href":"https:\/\/plazajuarez.mx\/historico\/wp-json\/wp\/v2\/categories?post=1822"},{"taxonomy":"post_tag","embeddable":true,"href":"https:\/\/plazajuarez.mx\/historico\/wp-json\/wp\/v2\/tags?post=1822"}],"curies":[{"name":"wp","href":"https:\/\/api.w.org\/{rel}","templated":true}]}}