{"id":181988,"date":"2021-09-14T07:57:11","date_gmt":"2021-09-14T12:57:11","guid":{"rendered":"https:\/\/plazajuarez.mx\/?p=181988"},"modified":"2021-09-24T16:20:38","modified_gmt":"2021-09-24T21:20:38","slug":"hablar-del-fonca-es-hablar-de-las-ligas-mayores-enid-carrillo","status":"publish","type":"post","link":"https:\/\/plazajuarez.mx\/historico\/hablar-del-fonca-es-hablar-de-las-ligas-mayores-enid-carrillo\/","title":{"rendered":"\u201cHablar del FONCA es hablar de las ligas mayores\u201d: Enid Carrillo"},"content":{"rendered":"\n<p class=\"wp-block-paragraph\">\u201cEs sabido que hablar del FONCA es como hablar de las ligas mayores para poder escribir cuando est\u00e1s profesionalizando tu trabajo como escritora\u201d se\u00f1al\u00f3 Enid Carrillo, una de las beneficiar\u00edas, que se dieron a conocer la semana pasada, de la beca J\u00f3venes Creadores del Fondo Nacional para la Cultura y las Artes (FONCA) en la categor\u00eda de cuento, perteneciente a la de Letras.<\/p>\n\n\n\n<p class=\"wp-block-paragraph\">Enid comenz\u00f3 a escribir desde que era muy chica y fue hasta la Universidad, alrededor de los 19 a\u00f1os, que empez\u00f3 a trabajar en la t\u00e9cnica de la escritura, profesionaliz\u00e1ndose en esta actividad cuando fue acreedora del Premio Estatal de Cuento \u201cRicardo Garibay\u201d en el a\u00f1o 2018 con su obra \u201cLa noche nunca termina\u201d. De ah\u00ed vendr\u00edan colaboraciones en antolog\u00edas y otro tipo de proyectos.<\/p>\n\n\n\n<p class=\"wp-block-paragraph\">Hab\u00eda escuchado del FONCA hace mucho pero nunca lo consider\u00f3 hasta que este a\u00f1o vio la convocatoria de manera constante en redes, y meti\u00f3 \u201cDesastres Naturales\u201d, un proyecto de diez cuentos cuya idea hab\u00eda iniciado en noviembre del a\u00f1o pasado sin ser considerada en su momento como parte de un concurso.\u00a0\u00a0<\/p>\n\n\n\n<iframe loading=\"lazy\" width=\"560\" height=\"315\" src=\"https:\/\/www.youtube.com\/embed\/P1307XxnrNI\" title=\"YouTube video player\" frameborder=\"0\" allow=\"accelerometer; autoplay; clipboard-write; encrypted-media; gyroscope; picture-in-picture\" allowfullscreen><\/iframe>\n\n\n\n<p class=\"wp-block-paragraph\">El hilo conductor de la obra son los desastres naturales y su paralelismo en la fisiolog\u00eda humana: \u201cas\u00ed como podemos decir que hay depresiones de tierra, el cuerpo tambi\u00e9n sufre sus propias depresiones, as\u00ed como hay hundimientos en el mundo, erupciones, granizo; eso sucede tambi\u00e9n a nivel corporal porque hay una relaci\u00f3n de afectaci\u00f3n entre el mundo y nosotros\u201d especific\u00f3 Carrillo.&nbsp;<\/p>\n\n\n\n<p class=\"wp-block-paragraph\">Ser seleccionada en su primer intento la llen\u00f3 de felicidad y orgullo, as\u00ed como de seguridad para escribir mejor y dar a conocer su trabajo: \u201ces un gran reconocimiento, pero sobretodo me siento como muy segura de que es posible escribir y es posible que lo que hago pueda profesionalizarse y adem\u00e1s pueda conocerse en otros lugares\u201d.&nbsp;<\/p>\n\n\n\n<p class=\"wp-block-paragraph\">A s\u00ed mismo, celebr\u00f3 que muchos hidalguenses hayan sido seleccionados, tanto en la disciplina de cuento, con Sinead Marti y Ar\u00edstides, as\u00ed como en otras disciplinas: \u201ces algo para celebrar porque cuando uno de nosotros logra un espacio creo que lo logramos todos\u201d.&nbsp;<\/p>\n\n\n\n<p class=\"wp-block-paragraph\">Durante un a\u00f1o se dedicar\u00e1 a escribir su obra, pero a la par seguir\u00e1 con el proyecto editorial \u201cCasa Futura\u201d https:\/\/casafuturaediciones.com\/, una editorial local que publica textos de ciencia ficci\u00f3n, ficci\u00f3n especulativa, cuentos fant\u00e1sticos y terror. La iniciativa fue hecha por Jovany Cruz y ya han publicado el primer libro de cuentos \u201cNo hablaremos de muerte a los fantasmas\u201d de Daniel Centeno, un escritor de Los Mochis, Sinaloa.<\/p>\n","protected":false},"excerpt":{"rendered":"<p>\u201cEs sabido que hablar del FONCA es como hablar de las ligas mayores para poder escribir cuando est\u00e1s profesionalizando tu trabajo como escritora\u201d se\u00f1al\u00f3 Enid Carrillo, una de las beneficiar\u00edas, que se dieron a conocer la semana pasada, de la beca J\u00f3venes Creadores del Fondo Nacional para la Cultura y las Artes (FONCA) en la [&hellip;]<\/p>\n","protected":false},"author":101,"featured_media":181989,"comment_status":"closed","ping_status":"closed","sticky":false,"template":"","format":"standard","meta":{"footnotes":""},"categories":[59,2159],"tags":[],"class_list":["post-181988","post","type-post","status-publish","format-standard","has-post-thumbnail","hentry","category-general","category-noticias-de-hidalgo"],"_links":{"self":[{"href":"https:\/\/plazajuarez.mx\/historico\/wp-json\/wp\/v2\/posts\/181988","targetHints":{"allow":["GET"]}}],"collection":[{"href":"https:\/\/plazajuarez.mx\/historico\/wp-json\/wp\/v2\/posts"}],"about":[{"href":"https:\/\/plazajuarez.mx\/historico\/wp-json\/wp\/v2\/types\/post"}],"author":[{"embeddable":true,"href":"https:\/\/plazajuarez.mx\/historico\/wp-json\/wp\/v2\/users\/101"}],"replies":[{"embeddable":true,"href":"https:\/\/plazajuarez.mx\/historico\/wp-json\/wp\/v2\/comments?post=181988"}],"version-history":[{"count":0,"href":"https:\/\/plazajuarez.mx\/historico\/wp-json\/wp\/v2\/posts\/181988\/revisions"}],"wp:featuredmedia":[{"embeddable":true,"href":"https:\/\/plazajuarez.mx\/historico\/wp-json\/wp\/v2\/media\/181989"}],"wp:attachment":[{"href":"https:\/\/plazajuarez.mx\/historico\/wp-json\/wp\/v2\/media?parent=181988"}],"wp:term":[{"taxonomy":"category","embeddable":true,"href":"https:\/\/plazajuarez.mx\/historico\/wp-json\/wp\/v2\/categories?post=181988"},{"taxonomy":"post_tag","embeddable":true,"href":"https:\/\/plazajuarez.mx\/historico\/wp-json\/wp\/v2\/tags?post=181988"}],"curies":[{"name":"wp","href":"https:\/\/api.w.org\/{rel}","templated":true}]}}