{"id":181984,"date":"2021-09-14T07:55:29","date_gmt":"2021-09-14T12:55:29","guid":{"rendered":"https:\/\/plazajuarez.mx\/?p=181984"},"modified":"2021-09-14T07:55:43","modified_gmt":"2021-09-14T12:55:43","slug":"detectan-posibles-casos-de-colera-consecuencia-de-la-inundacion","status":"publish","type":"post","link":"https:\/\/plazajuarez.mx\/historico\/detectan-posibles-casos-de-colera-consecuencia-de-la-inundacion\/","title":{"rendered":"Detectan posibles casos de c\u00f3lera, consecuencia de la inundaci\u00f3n"},"content":{"rendered":"\n<p class=\"wp-block-paragraph\">En entrevista para el programa de \u201cAl Aire\u201d, el Secretario de Salud, Efra\u00edn Ben\u00edtez Herrera, inform\u00f3, que aparte del Hospital de zona del Instituto Mexicano del Seguro Social (IMSS) quedaron inutilizados la Jurisdicci\u00f3n Sanitaria de Tula y el Centro de Salud de este municipio, as\u00ed mismo indic\u00f3 una serie de medidas que deben de seguir las personas afectadas por las inundaciones para no enfermarse y reconoci\u00f3 el trabajo de la Doctora Lucinda Pe\u00f1a, Jefa de la Jurisdicci\u00f3n Sanitaria de Ixmiquilpan, por su respuesta en el Hospital IMSS de esa zona.&nbsp;<\/p>\n\n\n\n<p class=\"wp-block-paragraph\">Detall\u00f3 que detectaron dos casos que re\u00fanen los criterios para ser c\u00f3lera en una colonia de Tula, por lo que ya se dio tratamiento, supervisi\u00f3n y est\u00e1n en espera de las muestras que mandaron al laboratorio estatal. Dijo que ante la presencia de aguas negras las personas que est\u00e1n m\u00e1s cerca de la zona de desbordamiento son susceptibles a enfermedades gastrointestinales, dermatitis y conjuntivitis.&nbsp;<\/p>\n\n\n\n<p class=\"wp-block-paragraph\">Explic\u00f3 que ante esto est\u00e1n tomando las medidas de saneamiento pertinentes: cloraci\u00f3n de los dep\u00f3sitos de aguas municipales y brigadas en conjunto a la Comisi\u00f3n para la Protecci\u00f3n Contra Riesgos Sanitarios del estado de Hidalgo (COPRISEH) recorriendo los mercados, las casas, los tianguis: \u201ctratando de contener todo esto, que si no hacemos algo tambi\u00e9n se puede desbordar\u201d.&nbsp;<\/p>\n\n\n\n<p class=\"wp-block-paragraph\">Se\u00f1al\u00f3 que tambi\u00e9n hay brigadas en Tlahuelipan, Tepeji e Ixmiquilpan: \u201cestamos visitando casa por casa, levantando el censo, dando promoci\u00f3n para la salud, en los casos donde haya dep\u00f3sitos de agua domiciliarios los estamos clorando, estamos a trav\u00e9s del voluntariado de la Secretar\u00eda de Salud proporcion\u00e1ndoles ahorita a todas las personas afectadas material de limpieza, cloro, desinfectantes, escobas, jaladores\u201d.<\/p>\n\n\n\n<p class=\"wp-block-paragraph\">Agreg\u00f3 \u201clo m\u00e1s importante es que estamos haciendo un cerco sanitario precisamente en estas zonas que se han visto terriblemente afectadas por estas aguas contaminadas\u201d.<\/p>\n\n\n\n<p class=\"wp-block-paragraph\">As\u00ed mismo recomend\u00f3 a las personas tener una buena dotaci\u00f3n de agua potable, y lavar bien los alimentos, procurar comer dentro de la casa y evitar hacerlo al aire libre: \u201cprecisamente porque ha llovido muy poquito, los lodos se empiezan a secar y los vientos empiezan a esparcir\u201d.&nbsp;<\/p>\n\n\n\n<p class=\"wp-block-paragraph\">Recalc\u00f3 que se encuentran \u201cencalando los escombros, los lodos, para tratar de contener esta dispersi\u00f3n de part\u00edculas org\u00e1nicas que pueden provocar un da\u00f1o a la salud\u201d.&nbsp;<\/p>\n\n\n\n<p class=\"wp-block-paragraph\">Expres\u00f3 que el Hospital del IMSS ubicado en Ixmiquilpan igual sufri\u00f3 inundaciones, pero coment\u00f3, le llen\u00f3 de satisfacci\u00f3n y orgullo el actuar de la Doctora Lucinda, pues despu\u00e9s de saber la noticia de lo sucedido en Tula, y que \u201cla punta del r\u00edo tarda aproximadamente 10 horas de ir de Tula a Ixmiquilpan\u201d evacu\u00f3 a todos los pacientes: los enfermos de COVID fueron distribuidos en distintas unidades del IMSS y los no enfermos de COVID fueron hospitalizados en el Valle del Mezquital.<\/p>\n\n\n\n<p class=\"wp-block-paragraph\">De igual forma indic\u00f3 que en cuanto tuvieron noticia de lo sucedido en Tula se trasladaron e instalaron un nuevo Centro de Salud transitorio en el llano de secci\u00f3n primera donde colocaron una unidad de t\u00e1ctica en caso de emergencias epidemiol\u00f3gicas.<\/p>\n\n\n\n<p class=\"wp-block-paragraph\">En cuanto a la pandemia de COVID-19 dijo que Hidalgo est\u00e1 entrando en una etapa de meseta, aunque recalc\u00f3 \u201cpero no es lo mismo estar en una meseta a la altura del Popocat\u00e9petl a una meseta en el nivel del mar\u201d.<\/p>\n","protected":false},"excerpt":{"rendered":"<p>En entrevista para el programa de \u201cAl Aire\u201d, el Secretario de Salud, Efra\u00edn Ben\u00edtez Herrera, inform\u00f3, que aparte del Hospital de zona del Instituto Mexicano del Seguro Social (IMSS) quedaron inutilizados la Jurisdicci\u00f3n Sanitaria de Tula y el Centro de Salud de este municipio, as\u00ed mismo indic\u00f3 una serie de medidas que deben de seguir [&hellip;]<\/p>\n","protected":false},"author":101,"featured_media":181985,"comment_status":"closed","ping_status":"closed","sticky":false,"template":"","format":"standard","meta":{"footnotes":""},"categories":[59,2159],"tags":[],"class_list":["post-181984","post","type-post","status-publish","format-standard","has-post-thumbnail","hentry","category-general","category-noticias-de-hidalgo"],"_links":{"self":[{"href":"https:\/\/plazajuarez.mx\/historico\/wp-json\/wp\/v2\/posts\/181984","targetHints":{"allow":["GET"]}}],"collection":[{"href":"https:\/\/plazajuarez.mx\/historico\/wp-json\/wp\/v2\/posts"}],"about":[{"href":"https:\/\/plazajuarez.mx\/historico\/wp-json\/wp\/v2\/types\/post"}],"author":[{"embeddable":true,"href":"https:\/\/plazajuarez.mx\/historico\/wp-json\/wp\/v2\/users\/101"}],"replies":[{"embeddable":true,"href":"https:\/\/plazajuarez.mx\/historico\/wp-json\/wp\/v2\/comments?post=181984"}],"version-history":[{"count":0,"href":"https:\/\/plazajuarez.mx\/historico\/wp-json\/wp\/v2\/posts\/181984\/revisions"}],"wp:featuredmedia":[{"embeddable":true,"href":"https:\/\/plazajuarez.mx\/historico\/wp-json\/wp\/v2\/media\/181985"}],"wp:attachment":[{"href":"https:\/\/plazajuarez.mx\/historico\/wp-json\/wp\/v2\/media?parent=181984"}],"wp:term":[{"taxonomy":"category","embeddable":true,"href":"https:\/\/plazajuarez.mx\/historico\/wp-json\/wp\/v2\/categories?post=181984"},{"taxonomy":"post_tag","embeddable":true,"href":"https:\/\/plazajuarez.mx\/historico\/wp-json\/wp\/v2\/tags?post=181984"}],"curies":[{"name":"wp","href":"https:\/\/api.w.org\/{rel}","templated":true}]}}