{"id":181980,"date":"2021-09-14T07:53:07","date_gmt":"2021-09-14T12:53:07","guid":{"rendered":"https:\/\/plazajuarez.mx\/?p=181980"},"modified":"2021-09-14T07:53:25","modified_gmt":"2021-09-14T12:53:25","slug":"el-faro-50","status":"publish","type":"post","link":"https:\/\/plazajuarez.mx\/historico\/el-faro-50\/","title":{"rendered":"El Faro"},"content":{"rendered":"\n<h2 class=\"wp-block-heading\"><strong>Vox<\/strong><\/h2>\n\n\n\n<p class=\"wp-block-paragraph\"><\/p>\n\n\n\n<p class=\"wp-block-paragraph\">La palabra que encabeza el presente es el nombre de un partido pol\u00edtico espa\u00f1ol de reciente creaci\u00f3n. Tiene una tendencia de extrema derecha en sus posiciones ideol\u00f3gicas. Su representante m\u00e1s importante estuvo en tierras mexicanas hace unos d\u00edas. De la mano de un sector de pol\u00edticos panistas, tuvo unos d\u00edas para \u201cdejar huella\u201d con sus declaraciones.<\/p>\n\n\n\n<p class=\"wp-block-paragraph\">El contexto hist\u00f3rico enmarca y da sentido a esta visita. En el a\u00f1o en curso estamos celebrando tres grandes fechas de la historia mexicana. Por un lado, se recuerdan los 700 a\u00f1os de la fundaci\u00f3n de M\u00e9xico. Se hunde esta narraci\u00f3n entre la historia y la leyenda. El \u00e1guila se pos\u00f3 sobre el nopal para se\u00f1alar la locaci\u00f3n de la ciudad de Tenochtitlan. La segunda de las fechas hace referencia a los 500 a\u00f1os de la ca\u00edda de la misma ciudad de Tenochtitlan en manos del conquistador Hern\u00e1n Cort\u00e9s en asociaci\u00f3n con varios otros pueblos que estaban bajo el yugo de los mexicas. Muchos eventos, lugares e historias de la ciudad de M\u00e9xico actual siguen haciendo referencia a estos eventos. Por \u00faltimo, tambi\u00e9n se celebran los 200 a\u00f1os de la conclusi\u00f3n del proceso de independencia. Las \u00faltimas fuerzas que quedaban del reino de Espa\u00f1a salen de la naciente naci\u00f3n mexicana.<\/p>\n\n\n\n<p class=\"wp-block-paragraph\">Estos hechos por s\u00ed mismos, son motivo de numerosas p\u00e1ginas de investigaci\u00f3n y diferentes posiciones hist\u00f3ricas. A ellos hay que sumarles otras consideraciones actuales como la sostenida solicitud, con todo y carta, por parte de L\u00f3pez Obrador a la corona espa\u00f1ola, de que se pida perd\u00f3n a las culturas ind\u00edgenas que sufrieron las consecuencias de la Conquista de Am\u00e9rica. Adem\u00e1s, recientemente, se retir\u00f3 la estatua de Crist\u00f3bal Col\u00f3n del Paseo de la Reforma para sustituirla por un busto de una mujer ind\u00edgena en representaci\u00f3n de las m\u00e1s d\u00e9biles de los d\u00e9biles en la historia de la conquista.<\/p>\n\n\n\n<p class=\"wp-block-paragraph\">&nbsp;En 1992 se tuvo un intenso debate en toda Am\u00e9rica Latina sobre la realidad que acompa\u00f1\u00f3 al evento de 1492. Se presentaron diferentes perspectivas que dialogaron entre s\u00ed. Pas\u00f3 el tiempo y no se lleg\u00f3 a una conclusi\u00f3n gen\u00e9rica. Los pol\u00edticos metieron su cuchara, lo mismo que hacen ahora mismo, y emponzo\u00f1an la discusi\u00f3n. No se ha dado una discusi\u00f3n seria sobre estos eventos hist\u00f3ricos que haya permeado con una intenci\u00f3n m\u00e1s o menos objetiva de estos fen\u00f3menos que no suelen ser blancos o negros, sino con m\u00faltiples tonalidades.&nbsp;<\/p>\n\n\n\n<p class=\"wp-block-paragraph\">En todo este gran contexto hist\u00f3rico, hay que ubicar la presencia en M\u00e9xico de Santiago Abascal para hablar de las bondades que llegaron a este continente a partir de 1492. Se presenta como adalid de la lucha contra el comunismo en la iberosfera, como si estuvi\u00e9ramos en los a\u00f1os cincuentas del siglo pasado. Ataca al presidente de M\u00e9xico y resalta la presencia de una derecha trasnochada que a\u00fan tiene su cobijo en nuestro pa\u00eds hasta nuestros d\u00edas, heredera del sinarquismo ya pasado.<\/p>\n\n\n\n<p class=\"wp-block-paragraph\">M\u00e9xico necesita congraciarse con su historia, sin polarizar en buenos y malos a los actores de los principales eventos. Entre otros, lo acontecido en siglo XV y su relaci\u00f3n con los conquistadores. Los gachupines siguen vi\u00e9ndose con una mezcla de rechazo y de admiraci\u00f3n, ambos exagerados y sin sentido. M\u00e1s all\u00e1 de los intereses pol\u00edticos hace falta una labor de investigaci\u00f3n, educaci\u00f3n y reconocimiento de los matices de la propia historia. Las intervenciones pol\u00edticas de un lado y del otro del Atl\u00e1ntico vienen sobrando y no abonan para nada en la construcci\u00f3n de una nueva identidad nacional revisada tan necesaria.<\/p>\n","protected":false},"excerpt":{"rendered":"<p>Vox La palabra que encabeza el presente es el nombre de un partido pol\u00edtico espa\u00f1ol de reciente creaci\u00f3n. Tiene una tendencia de extrema derecha en sus posiciones ideol\u00f3gicas. Su representante m\u00e1s importante estuvo en tierras mexicanas hace unos d\u00edas. De la mano de un sector de pol\u00edticos panistas, tuvo unos d\u00edas para \u201cdejar huella\u201d con [&hellip;]<\/p>\n","protected":false},"author":98,"featured_media":154800,"comment_status":"closed","ping_status":"closed","sticky":false,"template":"","format":"standard","meta":{"footnotes":""},"categories":[1006,42],"tags":[],"class_list":["post-181980","post","type-post","status-publish","format-standard","has-post-thumbnail","hentry","category-dr-jesus-ignacio-panedas-galindo","category-nuestrapalabra"],"_links":{"self":[{"href":"https:\/\/plazajuarez.mx\/historico\/wp-json\/wp\/v2\/posts\/181980","targetHints":{"allow":["GET"]}}],"collection":[{"href":"https:\/\/plazajuarez.mx\/historico\/wp-json\/wp\/v2\/posts"}],"about":[{"href":"https:\/\/plazajuarez.mx\/historico\/wp-json\/wp\/v2\/types\/post"}],"author":[{"embeddable":true,"href":"https:\/\/plazajuarez.mx\/historico\/wp-json\/wp\/v2\/users\/98"}],"replies":[{"embeddable":true,"href":"https:\/\/plazajuarez.mx\/historico\/wp-json\/wp\/v2\/comments?post=181980"}],"version-history":[{"count":0,"href":"https:\/\/plazajuarez.mx\/historico\/wp-json\/wp\/v2\/posts\/181980\/revisions"}],"wp:featuredmedia":[{"embeddable":true,"href":"https:\/\/plazajuarez.mx\/historico\/wp-json\/wp\/v2\/media\/154800"}],"wp:attachment":[{"href":"https:\/\/plazajuarez.mx\/historico\/wp-json\/wp\/v2\/media?parent=181980"}],"wp:term":[{"taxonomy":"category","embeddable":true,"href":"https:\/\/plazajuarez.mx\/historico\/wp-json\/wp\/v2\/categories?post=181980"},{"taxonomy":"post_tag","embeddable":true,"href":"https:\/\/plazajuarez.mx\/historico\/wp-json\/wp\/v2\/tags?post=181980"}],"curies":[{"name":"wp","href":"https:\/\/api.w.org\/{rel}","templated":true}]}}