{"id":181978,"date":"2021-09-14T07:50:42","date_gmt":"2021-09-14T12:50:42","guid":{"rendered":"https:\/\/plazajuarez.mx\/?p=181978"},"modified":"2021-09-14T07:50:56","modified_gmt":"2021-09-14T12:50:56","slug":"por-el-bienestar-de-tula-debemos-trabajar-unidos-cuauhtemoc-ochoa","status":"publish","type":"post","link":"https:\/\/plazajuarez.mx\/historico\/por-el-bienestar-de-tula-debemos-trabajar-unidos-cuauhtemoc-ochoa\/","title":{"rendered":"Por el bienestar de Tula, debemos trabajar unidos: Cuauht\u00e9moc Ochoa"},"content":{"rendered":"\n<p class=\"wp-block-paragraph\">\u201cDe la mano del pueblo de Tula, con el Gobernador de Hidalgo y el municipio tenemos que trabajar con fuerza y sin pausa para rescatar las zonas afectadas; rehabilitar las viviendas y comercios es lo que demandan los habitantes\u201d, asegur\u00f3 el diputado federal por Hidalgo, Cuauht\u00e9moc Ochoa tras encabezar las faenas de limpieza.&nbsp;<\/p>\n\n\n\n<p class=\"wp-block-paragraph\">Agreg\u00f3 que desde la C\u00e1mara de Diputados, exhortar\u00e1 al gobierno federal y estatal para la gesti\u00f3n y aplicaci\u00f3n de recursos para continuar y finalizar el revestimiento del R\u00edo Tula, un proyecto que no se puede postergar.<\/p>\n\n\n\n<p class=\"wp-block-paragraph\">\u201cEs una prioridad ampliar el cauce del r\u00edo, porque actualmente tiene un abastecimiento de 250 metros c\u00fabicos por segundo y con las precipitaciones lleg\u00f3 a caer hasta 600 metros c\u00fabicos, indudablemente se necesita ampliar su capacidad para que pueda procesar las aguas provenientes de la zona metropolitana del Valle de M\u00e9xico y evitar de esta manera inundaciones\u201d, explic\u00f3 el legislador federal.<\/p>\n","protected":false},"excerpt":{"rendered":"<p>\u201cDe la mano del pueblo de Tula, con el Gobernador de Hidalgo y el municipio tenemos que trabajar con fuerza y sin pausa para rescatar las zonas afectadas; rehabilitar las viviendas y comercios es lo que demandan los habitantes\u201d, asegur\u00f3 el diputado federal por Hidalgo, Cuauht\u00e9moc Ochoa tras encabezar las faenas de limpieza.&nbsp; Agreg\u00f3 que [&hellip;]<\/p>\n","protected":false},"author":93,"featured_media":181368,"comment_status":"closed","ping_status":"closed","sticky":false,"template":"","format":"standard","meta":{"footnotes":""},"categories":[59],"tags":[],"class_list":["post-181978","post","type-post","status-publish","format-standard","has-post-thumbnail","hentry","category-general"],"_links":{"self":[{"href":"https:\/\/plazajuarez.mx\/historico\/wp-json\/wp\/v2\/posts\/181978","targetHints":{"allow":["GET"]}}],"collection":[{"href":"https:\/\/plazajuarez.mx\/historico\/wp-json\/wp\/v2\/posts"}],"about":[{"href":"https:\/\/plazajuarez.mx\/historico\/wp-json\/wp\/v2\/types\/post"}],"author":[{"embeddable":true,"href":"https:\/\/plazajuarez.mx\/historico\/wp-json\/wp\/v2\/users\/93"}],"replies":[{"embeddable":true,"href":"https:\/\/plazajuarez.mx\/historico\/wp-json\/wp\/v2\/comments?post=181978"}],"version-history":[{"count":0,"href":"https:\/\/plazajuarez.mx\/historico\/wp-json\/wp\/v2\/posts\/181978\/revisions"}],"wp:featuredmedia":[{"embeddable":true,"href":"https:\/\/plazajuarez.mx\/historico\/wp-json\/wp\/v2\/media\/181368"}],"wp:attachment":[{"href":"https:\/\/plazajuarez.mx\/historico\/wp-json\/wp\/v2\/media?parent=181978"}],"wp:term":[{"taxonomy":"category","embeddable":true,"href":"https:\/\/plazajuarez.mx\/historico\/wp-json\/wp\/v2\/categories?post=181978"},{"taxonomy":"post_tag","embeddable":true,"href":"https:\/\/plazajuarez.mx\/historico\/wp-json\/wp\/v2\/tags?post=181978"}],"curies":[{"name":"wp","href":"https:\/\/api.w.org\/{rel}","templated":true}]}}