{"id":181954,"date":"2021-09-13T19:16:37","date_gmt":"2021-09-14T00:16:37","guid":{"rendered":"https:\/\/plazajuarez.mx\/?p=181954"},"modified":"2021-09-13T19:16:37","modified_gmt":"2021-09-14T00:16:37","slug":"activistas-y-migrantes","status":"publish","type":"post","link":"https:\/\/plazajuarez.mx\/historico\/activistas-y-migrantes\/","title":{"rendered":"Activistas y migrantes realizan ayuno en M\u00e9xico pidiendo salir en caravana"},"content":{"rendered":"\n<p class=\"wp-block-paragraph\">Activistas y migrantes iniciaron esta lunes en el municipio de Tapachula, en el suroriental estado mexicano de Chiapas, un ayuno para pedir que los dejen partir en caravana rumbo al norte.<\/p>\n\n\n\n<p class=\"wp-block-paragraph\">Este acto de protesta se realiza para presionar a las autoridades y que as\u00ed miles de migrantes hacinados en el sur del pa\u00eds puedan salir en los pr\u00f3ximos d\u00eda en un &#8220;viacrucis migrante&#8221;, luego de que varias caravanas fueran desarticuladas en duros operativos en las \u00faltimas semanas.<\/p>\n\n\n\n<p class=\"wp-block-paragraph\">Este lunes, Irineo Mujica, director de la ONG Pueblo Sin Fronteras, y Luis Rey Garc\u00eda Villagr\u00e1n, activista del Centro de Dignificaci\u00f3n Humana, se instalaron en un parque de Tapachula e informaron a los migrantes que est\u00e1n realizando tr\u00e1mites para que se les permita avanzar hacia el norte.<\/p>\n\n\n\n<p class=\"wp-block-paragraph\">Poco despu\u00e9s, y en se\u00f1al de protesta, los activistas dejaron de comer junto con otros migrantes, con la esperanza de que esto logre ablandar a las autoridades migratorias, seg\u00fan explicaron.<\/p>\n\n\n\n<p class=\"wp-block-paragraph\">&#8220;Se debe buscar una soluci\u00f3n a la crisis desproporcionada&#8221;, apuntaron en el momento del inicio de la huelga, que han apodado &#8220;ayuno por la libertad&#8221;.<\/p>\n\n\n\n<p class=\"wp-block-paragraph\">El ayuno ocurre cuando M\u00e9xico y Estados Unidos lidian con un flujo migratorio hist\u00f3rico, con 147.000 indocumentados detectados en M\u00e9xico de enero a agosto, el triple de 2020, y un r\u00e9cord de 212.000 indocumentados detenidos solo en julio por la Oficina de Aduanas y Protecci\u00f3n Fronteriza (CBP, en ingl\u00e9s) de Estados Unidos.<\/p>\n\n\n\n<p class=\"wp-block-paragraph\">VISIBILIZAR LA CAUSA<\/p>\n\n\n\n<p class=\"wp-block-paragraph\">En la plaza principal de Tapachula, los activistas y migrantes aseguraron que continuar\u00e1n con el ayuno hasta que dejen salir a los extranjeros, algunos de ellos varados desde hace meses.<\/p>\n\n\n\n<p class=\"wp-block-paragraph\">Guillermo Baltazar, un migrante de El Salvador, se sum\u00f3 a la huelga de hambre para pedir al Gobierno de M\u00e9xico que les d\u00e9 paso libre.<\/p>\n\n\n\n<p class=\"wp-block-paragraph\">Dijo que por el momento no quiere viajar en caravana debido a que con anterioridad fueron golpeadas las personas que caminaron -tal y como denunciaron varias ONG e incluso la ONU- y advirti\u00f3 que otros migrantes est\u00e1n desaparecidos.<\/p>\n\n\n\n<p class=\"wp-block-paragraph\">Yajaira Mendoza tiene dos ni\u00f1as y lleva alrededor de tres meses en Tapachula en espera de sus documentos que acrediten su estancia en M\u00e9xico como solicitante de asilo.<\/p>\n\n\n\n<p class=\"wp-block-paragraph\">Sin embargo, el retraso y la lentitud de sus tr\u00e1mites la oblig\u00f3 a sumarse al ayuno y espera salir en caravana este 15 de septiembre a pesar de todos los riesgos.<\/p>\n\n\n\n<p class=\"wp-block-paragraph\">&#8220;Aqu\u00ed estamos sin trabajo y no tenemos ayuda de nadie&#8221;, apunt\u00f3 la mujer, preocupada porque sus hijos pasan hambre y ella no logra encontrar trabajo.<\/p>\n\n\n\n<p class=\"wp-block-paragraph\">VARADOS DURANTE MESES<\/p>\n\n\n\n<p class=\"wp-block-paragraph\">Esta misma situaci\u00f3n la atraviesan miles de migrantes varados durante meses en Tapachula, fronteriza con Guatemala, por lo que muchos han optado viajar por zonas monta\u00f1osas o irse en autobuses, pese al riesgo de ser deportados.<\/p>\n\n\n\n<p class=\"wp-block-paragraph\">Mujica confirm\u00f3 que Tapachula est\u00e1 &#8220;abarrotada&#8221; y hay una crisis desproporcionada con un gran cantidad de miles de migrantes &#8220;sufriendo&#8221;.<\/p>\n\n\n\n<p class=\"wp-block-paragraph\">Asegur\u00f3 que como activista no avala la violencia, por ello, han emprendido este &#8220;ayuno por la libertad&#8221;, que durar\u00e1 hasta que puedan avanzar hacia el norte.<\/p>\n\n\n\n<p class=\"wp-block-paragraph\">&#8220;Hoy se reunieron miles de migrantes haitianos para escucharnos&#8221;, apunt\u00f3 Mujica, sorprendido del seguimiento de la huelga entre los migrantes, especialmente los de esta nacionalidad.<\/p>\n\n\n\n<p class=\"wp-block-paragraph\">Los caribe\u00f1os empezaron a llegar al parque en grupo y ped\u00edan informaci\u00f3n a los organizadores. En menos de una hora, se estima que en la plaza hab\u00eda hasta 5.000 personas.<\/p>\n\n\n\n<p class=\"wp-block-paragraph\">&#8220;Nos vamos a unir a este ayuno porque necesitamos salir de aqu\u00ed. Porque no venimos para estar aqu\u00ed, venimos de pasada&#8221;, asegur\u00f3 Edal, migrante haitiano.<\/p>\n\n\n\n<p class=\"wp-block-paragraph\">LA VERSI\u00d3N OFICIAL<\/p>\n\n\n\n<p class=\"wp-block-paragraph\">El presidente mexicano, Andr\u00e9s Manuel L\u00f3pez Obrador, agradeci\u00f3 el pasado viernes a la vicepresidenta de Estados Unidos, Kamala Harris, por su anuncio de inversiones y empleos en el sur mexicano y en Centroam\u00e9rica para mitigar la crisis migratoria.<\/p>\n\n\n\n<p class=\"wp-block-paragraph\">El mandatario reiter\u00f3 su propuesta de un plan migratorio que incluya visas de trabajo temporales para latinoamericanos en Estados Unidos al exponer que en Am\u00e9rica Latina &#8220;hay mucha mano de obra joven&#8221;.<\/p>\n\n\n\n<p class=\"wp-block-paragraph\">No obstante, el Gobierno tambi\u00e9n ha sido criticado por los operativos para frenar el avance de los migrantes. Y el presidente, cuestionado por asegurar que los mantiene en el sur de M\u00e9xico para evitar los peligros que supone la traves\u00eda por el pa\u00eds.<\/p>\n","protected":false},"excerpt":{"rendered":"<p>Activistas y migrantes iniciaron esta lunes en el municipio de Tapachula, en el suroriental estado mexicano de Chiapas, un ayuno para pedir que los dejen partir en caravana rumbo al norte. Este acto de protesta se realiza para presionar a las autoridades y que as\u00ed miles de migrantes hacinados en el sur del pa\u00eds puedan [&hellip;]<\/p>\n","protected":false},"author":80,"featured_media":181956,"comment_status":"closed","ping_status":"","sticky":false,"template":"","format":"standard","meta":{"footnotes":""},"categories":[15,36],"tags":[],"class_list":["post-181954","post","type-post","status-publish","format-standard","has-post-thumbnail","hentry","category-destacadas","category-nacion"],"_links":{"self":[{"href":"https:\/\/plazajuarez.mx\/historico\/wp-json\/wp\/v2\/posts\/181954","targetHints":{"allow":["GET"]}}],"collection":[{"href":"https:\/\/plazajuarez.mx\/historico\/wp-json\/wp\/v2\/posts"}],"about":[{"href":"https:\/\/plazajuarez.mx\/historico\/wp-json\/wp\/v2\/types\/post"}],"author":[{"embeddable":true,"href":"https:\/\/plazajuarez.mx\/historico\/wp-json\/wp\/v2\/users\/80"}],"replies":[{"embeddable":true,"href":"https:\/\/plazajuarez.mx\/historico\/wp-json\/wp\/v2\/comments?post=181954"}],"version-history":[{"count":0,"href":"https:\/\/plazajuarez.mx\/historico\/wp-json\/wp\/v2\/posts\/181954\/revisions"}],"wp:featuredmedia":[{"embeddable":true,"href":"https:\/\/plazajuarez.mx\/historico\/wp-json\/wp\/v2\/media\/181956"}],"wp:attachment":[{"href":"https:\/\/plazajuarez.mx\/historico\/wp-json\/wp\/v2\/media?parent=181954"}],"wp:term":[{"taxonomy":"category","embeddable":true,"href":"https:\/\/plazajuarez.mx\/historico\/wp-json\/wp\/v2\/categories?post=181954"},{"taxonomy":"post_tag","embeddable":true,"href":"https:\/\/plazajuarez.mx\/historico\/wp-json\/wp\/v2\/tags?post=181954"}],"curies":[{"name":"wp","href":"https:\/\/api.w.org\/{rel}","templated":true}]}}