{"id":181943,"date":"2021-09-13T17:16:25","date_gmt":"2021-09-13T22:16:25","guid":{"rendered":"https:\/\/plazajuarez.mx\/?p=181943"},"modified":"2021-09-13T17:16:37","modified_gmt":"2021-09-13T22:16:37","slug":"mejora-calidad-de-la-vivienda","status":"publish","type":"post","link":"https:\/\/plazajuarez.mx\/historico\/mejora-calidad-de-la-vivienda\/","title":{"rendered":"Mercado hipotecario se acelera en M\u00e9xico y mejora calidad de la vivienda"},"content":{"rendered":"\n<p class=\"wp-block-paragraph\">El mercado hipotecario se aceler\u00f3 en los \u00faltimos meses en M\u00e9xico y aument\u00f3 el acceso a vivienda, mientras que el n\u00famero de inmuebles en malas condiciones o en hacinamiento cay\u00f3 en m\u00e1s de 543.000, un suceso &#8220;no visto en m\u00e1s de diez a\u00f1os&#8221;, dijo este lunes BBVA M\u00e9xico.<\/p>\n\n\n\n<p class=\"wp-block-paragraph\">En el informe &#8220;Situaci\u00f3n Inmobiliaria M\u00e9xico&#8221;, el BBVA destac\u00f3 &#8220;el dinamismo del mercado hipotecario, cuyo avance es ligeramente superior al 26 % anual&#8221; a junio de 2021.<\/p>\n\n\n\n<p class=\"wp-block-paragraph\">Esta alza &#8220;no corresponde solo a un efecto estad\u00edstico por la inactividad del segundo trimestre del 2020&#8221;, puntualiz\u00f3 el texto.<\/p>\n\n\n\n<p class=\"wp-block-paragraph\">La demanda por cr\u00e9ditos hipotecarios creci\u00f3 en los segmentos medio y residencial, &#8220;aunque en inter\u00e9s social sigue deprimido&#8221;.<\/p>\n\n\n\n<p class=\"wp-block-paragraph\">El mercado hipotecario creci\u00f3 a la mitad del a\u00f1o a un ritmo del 26,1 %, resultado de que los institutos p\u00fablicos colocaron 11,8 % m\u00e1s en este semestre con respecto al mismo periodo del a\u00f1o anterior, as\u00ed como un crecimiento de 38,9 % por parte de la banca, indic\u00f3 el an\u00e1lisis.<\/p>\n\n\n\n<p class=\"wp-block-paragraph\">CONSTRUCCI\u00d3N<\/p>\n\n\n\n<p class=\"wp-block-paragraph\">De acuerdo con el estudio, el crecimiento del sector construcci\u00f3n en el segundo trimestre de 2021 est\u00e1 dado por la combinaci\u00f3n de resultados de la edificaci\u00f3n (9,7 %), la obra civil (-1,2 %) y los trabajos especializados (19,6 %).<\/p>\n\n\n\n<p class=\"wp-block-paragraph\">&#8220;No obstante, el avance est\u00e1 lejos de indicar una recuperaci\u00f3n a pesar de que el empleo del sector s\u00ed se puede considerar ya recuperado&#8221;, apunt\u00f3 el an\u00e1lisis.<\/p>\n\n\n\n<p class=\"wp-block-paragraph\">A la mitad de 2021, casi 4,5 millones de trabajadores est\u00e1n empleados en la construcci\u00f3n, cifra superior a lo observado en 2019.<\/p>\n\n\n\n<p class=\"wp-block-paragraph\">El estudio se\u00f1al\u00f3 que en todo 2021 el sector podr\u00eda crecer hasta 9 % gracias al dinamismo de la edificaci\u00f3n generado por el comercio exterior y la actividad industrial asociada.<\/p>\n\n\n\n<p class=\"wp-block-paragraph\">El informe destac\u00f3 que durante 2020, a pesar de la gran contracci\u00f3n econ\u00f3mica -del 8,2 % del producto interno bruto (PIB)- la vivienda no se depreci\u00f3, y en el presente a\u00f1o contin\u00faa esta valorizaci\u00f3n.<\/p>\n\n\n\n<p class=\"wp-block-paragraph\">REZAGO HABITACIONAL<\/p>\n\n\n\n<p class=\"wp-block-paragraph\">De acuerdo con la Comisi\u00f3n Nacional de Vivienda (Conavi), el rezago habitacional es el t\u00e9rmino empleado en M\u00e9xico para referirse a las viviendas en hacinamiento, o cuyos materiales de edificaci\u00f3n se encuentran en deterioro, y no logran satisfacer un m\u00ednimo de bienestar para sus ocupantes.<\/p>\n\n\n\n<p class=\"wp-block-paragraph\">&#8220;En una revisi\u00f3n del rezago habitacional se constata que durante el bienio de 2018 a 2020, este pas\u00f3 de 9,4 millones de viviendas a 8,9 millones. La reducci\u00f3n de 543.000 viviendas se debe principalmente al uso de materiales de mayor calidad, aunque tambi\u00e9n se redujo el hacinamiento en 16,8 %&#8221;, explic\u00f3 BBVA.<\/p>\n\n\n\n<p class=\"wp-block-paragraph\">El informe muestra que las favorables caracter\u00edsticas de los cr\u00e9ditos hipotecarios bancarios han llevado a que se incremente la demanda por vivienda.<\/p>\n\n\n\n<p class=\"wp-block-paragraph\">Adem\u00e1s, &#8220;los resultados (del informe) apuntan a que las mejores condiciones de cr\u00e9dito mejoraron el acceso a la vivienda para todos los hogares en cada nivel de ingreso y segmento de vivienda&#8221;, concluy\u00f3 el texto, que subray\u00f3 que &#8220;las condiciones crediticias han aumentado la capacidad de adquisici\u00f3n de vivienda para todos los segmentos socioecon\u00f3micos&#8221;.<\/p>\n","protected":false},"excerpt":{"rendered":"<p>El mercado hipotecario se aceler\u00f3 en los \u00faltimos meses en M\u00e9xico y aument\u00f3 el acceso a vivienda, mientras que el n\u00famero de inmuebles en malas condiciones o en hacinamiento cay\u00f3 en m\u00e1s de 543.000, un suceso &#8220;no visto en m\u00e1s de diez a\u00f1os&#8221;, dijo este lunes BBVA M\u00e9xico. En el informe &#8220;Situaci\u00f3n Inmobiliaria M\u00e9xico&#8221;, el [&hellip;]<\/p>\n","protected":false},"author":80,"featured_media":181944,"comment_status":"closed","ping_status":"closed","sticky":false,"template":"","format":"standard","meta":{"footnotes":""},"categories":[15,36],"tags":[],"class_list":["post-181943","post","type-post","status-publish","format-standard","has-post-thumbnail","hentry","category-destacadas","category-nacion"],"_links":{"self":[{"href":"https:\/\/plazajuarez.mx\/historico\/wp-json\/wp\/v2\/posts\/181943","targetHints":{"allow":["GET"]}}],"collection":[{"href":"https:\/\/plazajuarez.mx\/historico\/wp-json\/wp\/v2\/posts"}],"about":[{"href":"https:\/\/plazajuarez.mx\/historico\/wp-json\/wp\/v2\/types\/post"}],"author":[{"embeddable":true,"href":"https:\/\/plazajuarez.mx\/historico\/wp-json\/wp\/v2\/users\/80"}],"replies":[{"embeddable":true,"href":"https:\/\/plazajuarez.mx\/historico\/wp-json\/wp\/v2\/comments?post=181943"}],"version-history":[{"count":0,"href":"https:\/\/plazajuarez.mx\/historico\/wp-json\/wp\/v2\/posts\/181943\/revisions"}],"wp:featuredmedia":[{"embeddable":true,"href":"https:\/\/plazajuarez.mx\/historico\/wp-json\/wp\/v2\/media\/181944"}],"wp:attachment":[{"href":"https:\/\/plazajuarez.mx\/historico\/wp-json\/wp\/v2\/media?parent=181943"}],"wp:term":[{"taxonomy":"category","embeddable":true,"href":"https:\/\/plazajuarez.mx\/historico\/wp-json\/wp\/v2\/categories?post=181943"},{"taxonomy":"post_tag","embeddable":true,"href":"https:\/\/plazajuarez.mx\/historico\/wp-json\/wp\/v2\/tags?post=181943"}],"curies":[{"name":"wp","href":"https:\/\/api.w.org\/{rel}","templated":true}]}}