{"id":1819,"date":"2015-03-06T06:00:00","date_gmt":"2015-03-06T06:00:00","guid":{"rendered":"http:\/\/plazajuarez.mx\/index\/index.php\/2015\/03\/06\/presenta-ebrard-declaracion-patrimonial-ante-movimiento-ciudadano\/"},"modified":"2015-03-06T06:00:00","modified_gmt":"2015-03-06T06:00:00","slug":"presenta-ebrard-declaracion-patrimonial-ante-movimiento-ciudadano","status":"publish","type":"post","link":"https:\/\/plazajuarez.mx\/historico\/presenta-ebrard-declaracion-patrimonial-ante-movimiento-ciudadano\/","title":{"rendered":"Presenta Ebrard declaraci\u00f3n patrimonial  ante Movimiento Ciudadano"},"content":{"rendered":"<p>M\u00e9xico, DF.- Marcelo Ebrard Casaub\u00f3n present\u00f3 a la Comisi\u00f3n Nacional de Transparencia y Acceso a la Informaci\u00f3n de Movimiento Ciudadano su declaraci\u00f3n patrimonial, en la que declara ingresos mensuales variables que no rebasan 150 mil pesos por servicios profesionales. En espec\u00edfico, consultor\u00edas y conferencias.<\/p>\n<p>  <!--more-->  <\/p>\n<p>\u00a0<\/p>\n<p>En su calidad de candidato plurinominal externo del partido, aclar\u00f3 que no posee bienes inmuebles y que sus \u00faltimos tres domicilios han sido en arrendamiento. El \u00faltimo, vigente a partir de agosto de 2013 y, conforme al contrato, en Plaza R\u00edo de Janeiro, con una renta anual de 960 mil pesos. Es decir, 80 mil mensuales.<\/p>\n<p>El ex jefe de Gobierno capitalino aclar\u00f3 que tiene cuenta bancaria en IXE, no tiene adeudos, cr\u00e9ditos bancarios, ni inversiones a plazo, salvo tarjeta de cr\u00e9dito American Express. Tiene un veh\u00edculo en arrendamiento, mientras su esposa posee dos camionetas.<\/p>\n<p>Inform\u00f3 que no est\u00e1 sujeto a procedimiento administrativo o jurisdiccional alguno en ninguna instancia de car\u00e1cter federal o local. En entrevista posterior, en relaci\u00f3n con la L\u00ednea 12 del metro, urgi\u00f3 &#8220;al gobierno de la Ciudad a que se apure, que deje de hacer pol\u00edtica&#8221;. Al presentar su declaraci\u00f3n patrimonial, aclar\u00f3 su disposici\u00f3n a trabajar en favor de la transparencia. (Agencias)<\/p>\n","protected":false},"excerpt":{"rendered":"<p>M\u00e9xico, DF.- Marcelo Ebrard Casaub\u00f3n present\u00f3 a la Comisi\u00f3n Nacional de Transparencia y Acceso a la Informaci\u00f3n de Movimiento Ciudadano su declaraci\u00f3n patrimonial, en la que declara ingresos mensuales variables que no rebasan 150 mil pesos por servicios profesionales. En espec\u00edfico, consultor\u00edas y conferencias.<\/p>\n","protected":false},"author":93,"featured_media":0,"comment_status":"open","ping_status":"open","sticky":false,"template":"","format":"standard","meta":{"footnotes":""},"categories":[36],"tags":[],"class_list":["post-1819","post","type-post","status-publish","format-standard","hentry","category-nacion"],"_links":{"self":[{"href":"https:\/\/plazajuarez.mx\/historico\/wp-json\/wp\/v2\/posts\/1819","targetHints":{"allow":["GET"]}}],"collection":[{"href":"https:\/\/plazajuarez.mx\/historico\/wp-json\/wp\/v2\/posts"}],"about":[{"href":"https:\/\/plazajuarez.mx\/historico\/wp-json\/wp\/v2\/types\/post"}],"author":[{"embeddable":true,"href":"https:\/\/plazajuarez.mx\/historico\/wp-json\/wp\/v2\/users\/93"}],"replies":[{"embeddable":true,"href":"https:\/\/plazajuarez.mx\/historico\/wp-json\/wp\/v2\/comments?post=1819"}],"version-history":[{"count":0,"href":"https:\/\/plazajuarez.mx\/historico\/wp-json\/wp\/v2\/posts\/1819\/revisions"}],"wp:attachment":[{"href":"https:\/\/plazajuarez.mx\/historico\/wp-json\/wp\/v2\/media?parent=1819"}],"wp:term":[{"taxonomy":"category","embeddable":true,"href":"https:\/\/plazajuarez.mx\/historico\/wp-json\/wp\/v2\/categories?post=1819"},{"taxonomy":"post_tag","embeddable":true,"href":"https:\/\/plazajuarez.mx\/historico\/wp-json\/wp\/v2\/tags?post=1819"}],"curies":[{"name":"wp","href":"https:\/\/api.w.org\/{rel}","templated":true}]}}