{"id":1813,"date":"2015-03-06T06:00:00","date_gmt":"2015-03-06T06:00:00","guid":{"rendered":"http:\/\/plazajuarez.mx\/index\/index.php\/2015\/03\/06\/continua-el-despojo-de-propiedades-en-la-loma-lopez-rayon\/"},"modified":"2015-03-06T06:00:00","modified_gmt":"2015-03-06T06:00:00","slug":"continua-el-despojo-de-propiedades-en-la-loma-lopez-rayon","status":"publish","type":"post","link":"https:\/\/plazajuarez.mx\/historico\/continua-el-despojo-de-propiedades-en-la-loma-lopez-rayon\/","title":{"rendered":"Continua el despojo de propiedades  en La Loma L\u00f3pez Ray\u00f3n"},"content":{"rendered":"<p><strong>Ixmiquilpan<\/strong><\/p>\n<ul>\n<li><strong>Una pr\u00e1ctica normal, basados en \u201cUsos y Costumbres\u201d<\/strong><\/li>\n<li><strong>La comunidad se apropia de tierras, realizan trabajos de limpieza y hasta construyen caminos <\/strong><\/li>\n<li><strong><strong>Por las ilegalidades se giran \u00f3rdenes de aprehensi\u00f3n\u2026 que no son cumplidas<\/strong><\/strong> <!--more--> <\/li>\n<\/ul>\n<p>Vecinos de la comunidad La Loma L\u00f3pez Ray\u00f3n, contin\u00faan con los despojos a propiedades dentro del poblado, donde esta pr\u00e1ctica se ha convertido en algo normal, simplemente basados en usos y costumbres se apoderan de tierras, informaron agraviados.<\/p>\n<p>Dos casos similares son los que viven Laura Trejo\u00a0 y Felipa Rodr\u00edguez, quienes fueron despojadas de sus tierras de cultivos, la comunidad se ha apropiado de ellas, han ingresado, realizado trabajos de limpieza y hasta han construido caminos.<\/p>\n<p>Ambos casos son muy similares. Laura Trejo, su finado esposo don\u00f3 una hect\u00e1rea a la comunidad, donde se habr\u00eda de construir un templo, el cual nunca se edific\u00f3, sin embargo una vez fallecido exigieron un tanto m\u00e1s de terreno.<\/p>\n<p>Debido a que la petici\u00f3n fue rechazada, desde hace tres a\u00f1os invadieron la propiedad, donde construyeron canchas deportivas, recientemente abrieron un camino de seis metros por 170 lineales, sin ninguna autorizaci\u00f3n de por medio.<\/p>\n<p>Sin embargo, desde hace dos a\u00f1os le han impedido trabajar otras ocho hect\u00e1reas de cultivo, incluso cerraron los canales para evitar que el agua de riego llegara a las milpas, echando a perder las siembras.<\/p>\n<p>Los peones contratados para realizar labores en los terrenos, tambi\u00e9n han sido agredidos por los vecinos encabezados por los delegados municipales en turno, quienes basados en sus usos y costumbres han cometido estas violaciones.<\/p>\n<p>Hay varias denuncias penales, incluso han sido liberadas algunas \u00f3rdenes de aprehensi\u00f3n, pero ninguna ha sido ejecutada, sostienen las v\u00edctimas, pese a que han realizado la aportaci\u00f3n de pruebas.<\/p>\n<p>Se trata de peque\u00f1as propiedades, incluso de las donaciones s\u00f3lo fueron de palabra, nunca por medio de un documento firmado.<\/p>\n<p>En 2013, Mat\u00edas Rafael Fuentes y la se\u00f1ora Rodr\u00edguez Esp\u00edritu, junto con otras dos familias m\u00e1s, tambi\u00e9n fueron despojados de sus tierras, la delegaci\u00f3n municipal apoyado por un grupo de personas, les comenz\u00f3 a impedir que trabajaran sus tierras, asimismo a ingresar a ellas, so pena de ser agredidos, sin ninguna explicaci\u00f3n de por medio.<\/p>\n","protected":false},"excerpt":{"rendered":"<p>Ixmiquilpan Una pr\u00e1ctica normal, basados en \u201cUsos y Costumbres\u201d La comunidad se apropia de tierras, realizan trabajos de limpieza y hasta construyen caminos Por las ilegalidades se giran \u00f3rdenes de aprehensi\u00f3n\u2026 que no son cumplidas<\/p>\n","protected":false},"author":93,"featured_media":0,"comment_status":"open","ping_status":"open","sticky":false,"template":"","format":"standard","meta":{"footnotes":""},"categories":[40],"tags":[],"class_list":["post-1813","post","type-post","status-publish","format-standard","hentry","category-region"],"_links":{"self":[{"href":"https:\/\/plazajuarez.mx\/historico\/wp-json\/wp\/v2\/posts\/1813","targetHints":{"allow":["GET"]}}],"collection":[{"href":"https:\/\/plazajuarez.mx\/historico\/wp-json\/wp\/v2\/posts"}],"about":[{"href":"https:\/\/plazajuarez.mx\/historico\/wp-json\/wp\/v2\/types\/post"}],"author":[{"embeddable":true,"href":"https:\/\/plazajuarez.mx\/historico\/wp-json\/wp\/v2\/users\/93"}],"replies":[{"embeddable":true,"href":"https:\/\/plazajuarez.mx\/historico\/wp-json\/wp\/v2\/comments?post=1813"}],"version-history":[{"count":0,"href":"https:\/\/plazajuarez.mx\/historico\/wp-json\/wp\/v2\/posts\/1813\/revisions"}],"wp:attachment":[{"href":"https:\/\/plazajuarez.mx\/historico\/wp-json\/wp\/v2\/media?parent=1813"}],"wp:term":[{"taxonomy":"category","embeddable":true,"href":"https:\/\/plazajuarez.mx\/historico\/wp-json\/wp\/v2\/categories?post=1813"},{"taxonomy":"post_tag","embeddable":true,"href":"https:\/\/plazajuarez.mx\/historico\/wp-json\/wp\/v2\/tags?post=1813"}],"curies":[{"name":"wp","href":"https:\/\/api.w.org\/{rel}","templated":true}]}}