{"id":181249,"date":"2021-09-09T07:50:54","date_gmt":"2021-09-09T12:50:54","guid":{"rendered":"https:\/\/plazajuarez.mx\/?p=181249"},"modified":"2021-09-09T07:51:12","modified_gmt":"2021-09-09T12:51:12","slug":"como-evitar-contagios-de-covid-recomendaciones-del-dif","status":"publish","type":"post","link":"https:\/\/plazajuarez.mx\/historico\/como-evitar-contagios-de-covid-recomendaciones-del-dif\/","title":{"rendered":"C\u00f3mo evitar contagios de Covid; recomendaciones del DIF"},"content":{"rendered":"\n<p><\/p>\n\n\n\n<p><strong>Tulancingo<\/strong>.- Debido al aumento de casos de Covid-19 en el municipio de Tulancingo, el Sistema para el Desarrollo Integral de la Familia (DIF), presidido por Yolanda Magaldi Rivera, del gobierno que encabeza el presidente municipal, Jorge M\u00e1rquez Alvarado, emite una serie de recomendaciones, bajo el nombre de \u201cPrevenir, Salva Vidas\u201d.\u00a0<\/p>\n\n\n\n<p>Juana Cruz Islas, directora del organismo asistencial, inform\u00f3 que estas medidas permitir\u00e1n que durante la pandemia, las personas no se contagien y tengan una vida saludable.<\/p>\n\n\n\n<p>\u201cPrevenir, salva vidas\u201d, como se le ha denominado a las recomendaciones de la dependencia municipal, permitir\u00e1n transmitir a las ni\u00f1as, ni\u00f1os y adolescentes la importancia de cumplirlas y as\u00ed prevenir contagios por el virus del Sars-Cov-2\u201d, afirm\u00f3 la titular.&nbsp;&nbsp;<\/p>\n\n\n\n<p>Dio a conocer que las recomendaciones emitidas son: Mantener la sana distancia, constante lavado de manos, uso de gel antibacterial, el estornudo de etiqueta y lo m\u00e1s importante, el uso correcto del cubrebocas (cubriendo nariz y boca).<\/p>\n\n\n\n<p>\u201cDe igual manera, aunque ya se est\u00e9 vacunado, con una o el esquema completo, hay que seguir estas medidas de bioseguridad, y si la persona presenta s\u00edntomas o sospechas de estar contagiado debe acudir lo antes posible al m\u00e9dico\u201d, dijo Cruz Islas.&nbsp;<\/p>\n\n\n\n<p>Cuidarse y cuidar a la familia, siguiendo estas recomendaciones de prevenci\u00f3n, donde el DIF Tulancingo est\u00e1 cerca de ti para apoyarte, es una forma de avanzar, en el rubro de la salud de los tulancinguenses, ante la dif\u00edcil situaci\u00f3n por la pandemia. &nbsp; &nbsp;<\/p>\n","protected":false},"excerpt":{"rendered":"<p>Tulancingo.- Debido al aumento de casos de Covid-19 en el municipio de Tulancingo, el Sistema para el Desarrollo Integral de la Familia (DIF), presidido por Yolanda Magaldi Rivera, del gobierno que encabeza el presidente municipal, Jorge M\u00e1rquez Alvarado, emite una serie de recomendaciones, bajo el nombre de \u201cPrevenir, Salva Vidas\u201d.\u00a0 Juana Cruz Islas, directora del [&hellip;]<\/p>\n","protected":false},"author":93,"featured_media":178652,"comment_status":"closed","ping_status":"closed","sticky":false,"template":"","format":"standard","meta":{"footnotes":""},"categories":[2159,40],"tags":[],"class_list":["post-181249","post","type-post","status-publish","format-standard","has-post-thumbnail","hentry","category-noticias-de-hidalgo","category-region"],"_links":{"self":[{"href":"https:\/\/plazajuarez.mx\/historico\/wp-json\/wp\/v2\/posts\/181249","targetHints":{"allow":["GET"]}}],"collection":[{"href":"https:\/\/plazajuarez.mx\/historico\/wp-json\/wp\/v2\/posts"}],"about":[{"href":"https:\/\/plazajuarez.mx\/historico\/wp-json\/wp\/v2\/types\/post"}],"author":[{"embeddable":true,"href":"https:\/\/plazajuarez.mx\/historico\/wp-json\/wp\/v2\/users\/93"}],"replies":[{"embeddable":true,"href":"https:\/\/plazajuarez.mx\/historico\/wp-json\/wp\/v2\/comments?post=181249"}],"version-history":[{"count":0,"href":"https:\/\/plazajuarez.mx\/historico\/wp-json\/wp\/v2\/posts\/181249\/revisions"}],"wp:featuredmedia":[{"embeddable":true,"href":"https:\/\/plazajuarez.mx\/historico\/wp-json\/wp\/v2\/media\/178652"}],"wp:attachment":[{"href":"https:\/\/plazajuarez.mx\/historico\/wp-json\/wp\/v2\/media?parent=181249"}],"wp:term":[{"taxonomy":"category","embeddable":true,"href":"https:\/\/plazajuarez.mx\/historico\/wp-json\/wp\/v2\/categories?post=181249"},{"taxonomy":"post_tag","embeddable":true,"href":"https:\/\/plazajuarez.mx\/historico\/wp-json\/wp\/v2\/tags?post=181249"}],"curies":[{"name":"wp","href":"https:\/\/api.w.org\/{rel}","templated":true}]}}