{"id":181230,"date":"2021-09-09T07:33:25","date_gmt":"2021-09-09T12:33:25","guid":{"rendered":"https:\/\/plazajuarez.mx\/?p=181230"},"modified":"2021-09-09T07:33:44","modified_gmt":"2021-09-09T12:33:44","slug":"con-la-alerta-regulatoria-la-stps-da-de-baja-regulacion","status":"publish","type":"post","link":"https:\/\/plazajuarez.mx\/historico\/con-la-alerta-regulatoria-la-stps-da-de-baja-regulacion\/","title":{"rendered":"Con la Alerta Regulatoria la STPS da de baja regulaci\u00f3n"},"content":{"rendered":"\n<p>A trav\u00e9s de un comunicado, Alberto Paredes Due\u00f1as, Presidente de la Confederaci\u00f3n Patronal de la Rep\u00fablica Mexicana (COPARMEX) Hidalgo, inform\u00f3 que la Secretar\u00eda del Trabajo y Previsi\u00f3n Social (STPS) dio de baja el proyecto en que \u201cpretend\u00eda disminuir de 90 a 5 d\u00edas el tiempo para subsanar observaciones realizadas en inspecciones de trabajo\u201d, esto luego de que el sector empresarial y la sociedad expresar\u00e1n su inconformidad a trav\u00e9s del proceso de consulta p\u00fablica y la Alerta Regulatoria.&nbsp;<\/p>\n\n\n\n<p>Detall\u00f3 que el proyecto que quer\u00eda hacer la STPS \u201cconvert\u00eda las obligaciones de dif\u00edcil a cumplimiento imposible\u201d y que esta, ingres\u00f3 a \u201cConamer el 02 de junio con una clasificaci\u00f3n de An\u00e1lisis de Impacto Regulatorio (AIR) de impacto moderado\u201d.<\/p>\n\n\n\n<p>Especific\u00f3 que fue, con un an\u00e1lisis presentado en la Alerta Regulatoria del pasado 8 de junio se\u00f1alando los efectos negativos de dicha propuesta, as\u00ed como una consulta p\u00fablica que recibi\u00f3 25 comentarios emitidos por particulares y organismos, que la medida se logr\u00f3 dar de baja el 3 de septiembre pasado.&nbsp;<\/p>\n\n\n\n<p>Indic\u00f3 que la regulaci\u00f3n \u201cpropon\u00eda modificaciones excesivas al Reglamento General de Inspecci\u00f3n del Trabajo, los cuales pon\u00edan en riesgo la viabilidad de las empresas al propiciar una carga adicional de multas\u201d y puntualiz\u00f3 que con esta acci\u00f3n quedaba de manifiesto la participaci\u00f3n ciudadana informada y responsable que puede incidir en el pa\u00eds.&nbsp;<\/p>\n\n\n\n<p>De igual forma, aclar\u00f3 que la Alerta Regulatoria es un mecanismo que permite a la ciudadan\u00eda y sector empresarial \u201cinformarse y poder opinar sobre regulaciones que puedan tener un impacto no deseado en la econom\u00eda o en los procedimientos de las empresas y ciudadan\u00eda\u201d, adem\u00e1s de que el estado de Hidalgo fue la primera entidad en generarla.&nbsp;<\/p>\n","protected":false},"excerpt":{"rendered":"<p>A trav\u00e9s de un comunicado, Alberto Paredes Due\u00f1as, Presidente de la Confederaci\u00f3n Patronal de la Rep\u00fablica Mexicana (COPARMEX) Hidalgo, inform\u00f3 que la Secretar\u00eda del Trabajo y Previsi\u00f3n Social (STPS) dio de baja el proyecto en que \u201cpretend\u00eda disminuir de 90 a 5 d\u00edas el tiempo para subsanar observaciones realizadas en inspecciones de trabajo\u201d, esto luego [&hellip;]<\/p>\n","protected":false},"author":101,"featured_media":181231,"comment_status":"closed","ping_status":"closed","sticky":false,"template":"","format":"standard","meta":{"footnotes":""},"categories":[59],"tags":[],"class_list":["post-181230","post","type-post","status-publish","format-standard","has-post-thumbnail","hentry","category-general"],"_links":{"self":[{"href":"https:\/\/plazajuarez.mx\/historico\/wp-json\/wp\/v2\/posts\/181230","targetHints":{"allow":["GET"]}}],"collection":[{"href":"https:\/\/plazajuarez.mx\/historico\/wp-json\/wp\/v2\/posts"}],"about":[{"href":"https:\/\/plazajuarez.mx\/historico\/wp-json\/wp\/v2\/types\/post"}],"author":[{"embeddable":true,"href":"https:\/\/plazajuarez.mx\/historico\/wp-json\/wp\/v2\/users\/101"}],"replies":[{"embeddable":true,"href":"https:\/\/plazajuarez.mx\/historico\/wp-json\/wp\/v2\/comments?post=181230"}],"version-history":[{"count":0,"href":"https:\/\/plazajuarez.mx\/historico\/wp-json\/wp\/v2\/posts\/181230\/revisions"}],"wp:featuredmedia":[{"embeddable":true,"href":"https:\/\/plazajuarez.mx\/historico\/wp-json\/wp\/v2\/media\/181231"}],"wp:attachment":[{"href":"https:\/\/plazajuarez.mx\/historico\/wp-json\/wp\/v2\/media?parent=181230"}],"wp:term":[{"taxonomy":"category","embeddable":true,"href":"https:\/\/plazajuarez.mx\/historico\/wp-json\/wp\/v2\/categories?post=181230"},{"taxonomy":"post_tag","embeddable":true,"href":"https:\/\/plazajuarez.mx\/historico\/wp-json\/wp\/v2\/tags?post=181230"}],"curies":[{"name":"wp","href":"https:\/\/api.w.org\/{rel}","templated":true}]}}