{"id":181153,"date":"2021-09-08T15:59:14","date_gmt":"2021-09-08T20:59:14","guid":{"rendered":"https:\/\/plazajuarez.mx\/?p=181153"},"modified":"2021-09-08T15:59:25","modified_gmt":"2021-09-08T20:59:25","slug":"instalan-centro-de-acopio-en-huejutla-para-apoyar-a-damnificados-de-tula","status":"publish","type":"post","link":"https:\/\/plazajuarez.mx\/historico\/instalan-centro-de-acopio-en-huejutla-para-apoyar-a-damnificados-de-tula\/","title":{"rendered":"Instalan centro de acopio en Huejutla para apoyar a damnificados de Tula"},"content":{"rendered":"\n<p><strong>Huejutla.-<\/strong> En el municipio de Huejutla Hgo. se instal\u00f3 un centro de acopio para ayudar a las personas damnificadas del municipio de Tula de Allende.<\/p>\n\n\n\n<p>Por lo cual, las autoridades municipales invitan a la poblaci\u00f3n a donar agua embotellada, alimentos enlatados y no perecederos, cobijas, ropa, alimentos para beb\u00e9, art\u00edculos de higiene personal, etc.<\/p>\n\n\n\n<p>El centro de acopio se ubica frente a las instalaciones del DIF Municipal en la zona Centro de Huejutla, Hgo.<\/p>\n\n\n\n<p>En entrevista para Plaza Ju\u00e1rez Carol Guadalupe Lara Flores presidenta del DIF municipal del ayuntamiento de Huejutla invit\u00f3 a la gente a apoyar la causa y se\u00f1al\u00f3 que hasta el momento han tenido buena respuesta por parte de la poblaci\u00f3n e indic\u00f3 que ser\u00e1 el pr\u00f3ximo s\u00e1bado cuando personalmente trasladen los art\u00edculos al municipio de Tula de Allende.<\/p>\n\n\n\n<p>Por \u00faltimo, es importante mencionar que este centro de acopio estar\u00e1 instalado est\u00e1 semana de 8:00 a 20:00horas y los donar\u00e1n el pr\u00f3ximo s\u00e1bado en el municipio antes mencionado.<\/p>\n","protected":false},"excerpt":{"rendered":"<p>Huejutla.- En el municipio de Huejutla Hgo. se instal\u00f3 un centro de acopio para ayudar a las personas damnificadas del municipio de Tula de Allende. Por lo cual, las autoridades municipales invitan a la poblaci\u00f3n a donar agua embotellada, alimentos enlatados y no perecederos, cobijas, ropa, alimentos para beb\u00e9, art\u00edculos de higiene personal, etc. El [&hellip;]<\/p>\n","protected":false},"author":76,"featured_media":181154,"comment_status":"closed","ping_status":"closed","sticky":false,"template":"","format":"standard","meta":{"footnotes":""},"categories":[15,2159,40],"tags":[],"class_list":["post-181153","post","type-post","status-publish","format-standard","has-post-thumbnail","hentry","category-destacadas","category-noticias-de-hidalgo","category-region"],"_links":{"self":[{"href":"https:\/\/plazajuarez.mx\/historico\/wp-json\/wp\/v2\/posts\/181153","targetHints":{"allow":["GET"]}}],"collection":[{"href":"https:\/\/plazajuarez.mx\/historico\/wp-json\/wp\/v2\/posts"}],"about":[{"href":"https:\/\/plazajuarez.mx\/historico\/wp-json\/wp\/v2\/types\/post"}],"author":[{"embeddable":true,"href":"https:\/\/plazajuarez.mx\/historico\/wp-json\/wp\/v2\/users\/76"}],"replies":[{"embeddable":true,"href":"https:\/\/plazajuarez.mx\/historico\/wp-json\/wp\/v2\/comments?post=181153"}],"version-history":[{"count":0,"href":"https:\/\/plazajuarez.mx\/historico\/wp-json\/wp\/v2\/posts\/181153\/revisions"}],"wp:featuredmedia":[{"embeddable":true,"href":"https:\/\/plazajuarez.mx\/historico\/wp-json\/wp\/v2\/media\/181154"}],"wp:attachment":[{"href":"https:\/\/plazajuarez.mx\/historico\/wp-json\/wp\/v2\/media?parent=181153"}],"wp:term":[{"taxonomy":"category","embeddable":true,"href":"https:\/\/plazajuarez.mx\/historico\/wp-json\/wp\/v2\/categories?post=181153"},{"taxonomy":"post_tag","embeddable":true,"href":"https:\/\/plazajuarez.mx\/historico\/wp-json\/wp\/v2\/tags?post=181153"}],"curies":[{"name":"wp","href":"https:\/\/api.w.org\/{rel}","templated":true}]}}